
{"id":9822,"count":1,"description":"","link":"https:\/\/www.radiomoradebre.cat\/wp\/tag\/el-millor-vi-es-el-que-te-una-historia-per-explicar\/","name":"el millor vi \u00e9s el que t\u00e9 una hist\u00f2ria per explicar","slug":"el-millor-vi-es-el-que-te-una-historia-per-explicar","taxonomy":"post_tag","meta":[],"_links":{"self":[{"href":"https:\/\/www.radiomoradebre.cat\/wp\/wp-json\/wp\/v2\/tags\/9822","targetHints":{"allow":["GET"]}}],"collection":[{"href":"https:\/\/www.radiomoradebre.cat\/wp\/wp-json\/wp\/v2\/tags"}],"about":[{"href":"https:\/\/www.radiomoradebre.cat\/wp\/wp-json\/wp\/v2\/taxonomies\/post_tag"}],"wp:post_type":[{"href":"https:\/\/www.radiomoradebre.cat\/wp\/wp-json\/wp\/v2\/posts?tags=9822"}],"curies":[{"name":"wp","href":"https:\/\/api.w.org\/{rel}","templated":true}]}}