
{"id":8693,"count":1,"description":"","link":"https:\/\/www.radiomoradebre.cat\/wp\/tag\/associacio-per-la-promocio-del-transport-public-a-catalunya\/","name":"Associaci\u00f3 per la Promoci\u00f3 del Transport P\u00fablic a Catalunya","slug":"associacio-per-la-promocio-del-transport-public-a-catalunya","taxonomy":"post_tag","meta":[],"_links":{"self":[{"href":"https:\/\/www.radiomoradebre.cat\/wp\/wp-json\/wp\/v2\/tags\/8693","targetHints":{"allow":["GET"]}}],"collection":[{"href":"https:\/\/www.radiomoradebre.cat\/wp\/wp-json\/wp\/v2\/tags"}],"about":[{"href":"https:\/\/www.radiomoradebre.cat\/wp\/wp-json\/wp\/v2\/taxonomies\/post_tag"}],"wp:post_type":[{"href":"https:\/\/www.radiomoradebre.cat\/wp\/wp-json\/wp\/v2\/posts?tags=8693"}],"curies":[{"name":"wp","href":"https:\/\/api.w.org\/{rel}","templated":true}]}}