
{"id":5798,"count":3,"description":"","link":"https:\/\/www.radiomoradebre.cat\/wp\/tag\/consorci-de-normalitzacio-linguistica\/","name":"Consorci de Normalitzaci\u00f3 Ling\u00fc\u00edstica","slug":"consorci-de-normalitzacio-linguistica","taxonomy":"post_tag","meta":[],"_links":{"self":[{"href":"https:\/\/www.radiomoradebre.cat\/wp\/wp-json\/wp\/v2\/tags\/5798","targetHints":{"allow":["GET"]}}],"collection":[{"href":"https:\/\/www.radiomoradebre.cat\/wp\/wp-json\/wp\/v2\/tags"}],"about":[{"href":"https:\/\/www.radiomoradebre.cat\/wp\/wp-json\/wp\/v2\/taxonomies\/post_tag"}],"wp:post_type":[{"href":"https:\/\/www.radiomoradebre.cat\/wp\/wp-json\/wp\/v2\/posts?tags=5798"}],"curies":[{"name":"wp","href":"https:\/\/api.w.org\/{rel}","templated":true}]}}