
{"id":16421,"count":1,"description":"","link":"https:\/\/www.radiomoradebre.cat\/wp\/tag\/el-morenc-i-el-molarenc-estudi-sobre-les-diferencies-linguistiques\/","name":"el morenc i el molarenc estudi sobre les difer\u00e8ncies ling\u00fc\u00edstiques","slug":"el-morenc-i-el-molarenc-estudi-sobre-les-diferencies-linguistiques","taxonomy":"post_tag","meta":[],"_links":{"self":[{"href":"https:\/\/www.radiomoradebre.cat\/wp\/wp-json\/wp\/v2\/tags\/16421","targetHints":{"allow":["GET"]}}],"collection":[{"href":"https:\/\/www.radiomoradebre.cat\/wp\/wp-json\/wp\/v2\/tags"}],"about":[{"href":"https:\/\/www.radiomoradebre.cat\/wp\/wp-json\/wp\/v2\/taxonomies\/post_tag"}],"wp:post_type":[{"href":"https:\/\/www.radiomoradebre.cat\/wp\/wp-json\/wp\/v2\/posts?tags=16421"}],"curies":[{"name":"wp","href":"https:\/\/api.w.org\/{rel}","templated":true}]}}