
{"id":9049,"date":"2014-06-05T11:21:56","date_gmt":"2014-06-05T09:21:56","guid":{"rendered":"http:\/\/radiomoradebre.cat\/wp\/?p=9049"},"modified":"2014-06-05T11:21:56","modified_gmt":"2014-06-05T09:21:56","slug":"finalitza-la-primera-actuacio-arqueologica-al-castell-dasco","status":"publish","type":"post","link":"https:\/\/www.radiomoradebre.cat\/wp\/2014\/06\/05\/finalitza-la-primera-actuacio-arqueologica-al-castell-dasco\/","title":{"rendered":"Finalitza la primera actuaci\u00f3 arqueol\u00f2gica al Castell d&#8217;Asc\u00f3."},"content":{"rendered":"<p><em><strong>Els asconencs volen que continu\u00efn les excavacions arqueol\u00f2giques.\u00a0<\/strong><\/em><\/p>\n<p>ADRIANA MONCL\u00daS<\/p>\n<p><a href=\"http:\/\/radiomoradebre.cat\/wp\/wp-content\/uploads\/2014\/06\/CRO-5-6-14-FINALITZEN-PRIMER-TREBALLS-CASTELL-ASC\u00d3.mp3\">CRO 5-6-14 FINALITZEN PRIMER TREBALLS CASTELL ASC\u00d3<\/a><\/p>\n","protected":false},"excerpt":{"rendered":"<p>Els asconencs volen que continu\u00efn les excavacions arqueol\u00f2giques.\u00a0 ADRIANA MONCL\u00daS CRO 5-6-14 FINALITZEN PRIMER TREBALLS CASTELL ASC\u00d3<\/p>\n","protected":false},"author":3,"featured_media":0,"comment_status":"closed","ping_status":"open","sticky":false,"template":"","format":"standard","meta":{"footnotes":""},"categories":[2],"tags":[1386,69,1387,3204,3205],"class_list":["post-9049","post","type-post","status-publish","format-standard","hentry","category-noticies","tag-arqueologia","tag-asco","tag-castell","tag-excavacions","tag-torre"],"_links":{"self":[{"href":"https:\/\/www.radiomoradebre.cat\/wp\/wp-json\/wp\/v2\/posts\/9049","targetHints":{"allow":["GET"]}}],"collection":[{"href":"https:\/\/www.radiomoradebre.cat\/wp\/wp-json\/wp\/v2\/posts"}],"about":[{"href":"https:\/\/www.radiomoradebre.cat\/wp\/wp-json\/wp\/v2\/types\/post"}],"author":[{"embeddable":true,"href":"https:\/\/www.radiomoradebre.cat\/wp\/wp-json\/wp\/v2\/users\/3"}],"replies":[{"embeddable":true,"href":"https:\/\/www.radiomoradebre.cat\/wp\/wp-json\/wp\/v2\/comments?post=9049"}],"version-history":[{"count":1,"href":"https:\/\/www.radiomoradebre.cat\/wp\/wp-json\/wp\/v2\/posts\/9049\/revisions"}],"predecessor-version":[{"id":9050,"href":"https:\/\/www.radiomoradebre.cat\/wp\/wp-json\/wp\/v2\/posts\/9049\/revisions\/9050"}],"wp:attachment":[{"href":"https:\/\/www.radiomoradebre.cat\/wp\/wp-json\/wp\/v2\/media?parent=9049"}],"wp:term":[{"taxonomy":"category","embeddable":true,"href":"https:\/\/www.radiomoradebre.cat\/wp\/wp-json\/wp\/v2\/categories?post=9049"},{"taxonomy":"post_tag","embeddable":true,"href":"https:\/\/www.radiomoradebre.cat\/wp\/wp-json\/wp\/v2\/tags?post=9049"}],"curies":[{"name":"wp","href":"https:\/\/api.w.org\/{rel}","templated":true}]}}