
{"id":8633,"date":"2014-05-14T11:54:00","date_gmt":"2014-05-14T09:54:00","guid":{"rendered":"http:\/\/radiomoradebre.cat\/wp\/?p=8633"},"modified":"2014-05-14T11:54:00","modified_gmt":"2014-05-14T09:54:00","slug":"actyma-denuncia-lajuntament-dasco-per-entregar-galls-vius-com-a-trofeus","status":"publish","type":"post","link":"https:\/\/www.radiomoradebre.cat\/wp\/2014\/05\/14\/actyma-denuncia-lajuntament-dasco-per-entregar-galls-vius-com-a-trofeus\/","title":{"rendered":"ACTYMA denuncia l&#8217;Ajuntament d&#8217;Asc\u00f3 per entregar galls vius com a trofeus."},"content":{"rendered":"<p><em><strong>La Festa de Sant Antoni d&#8217;Asc\u00f3 \u00e9s festa declarada d&#8217;intr\u00e8s Nacional per la Generalitat, un dels actes m\u00e9s populars s\u00f3n les corrides de cavalls, matxos i rucs, on tradicionalment s&#8217;entreguen galls vius com a trofeu als guanyadors.\u00a0<\/strong><\/em><\/p>\n<p>ADRIANA MONCL\u00daS<\/p>\n<p><a href=\"http:\/\/radiomoradebre.cat\/wp\/wp-content\/uploads\/2014\/05\/CRO-14-5-14-DENUNCIA-AJ-ASC\u00d3-TROFEUS-GALLS-VIUS-CURSES-ST-ANTONI.mp3\">CRO 14-5-14 DENUNCIA AJ ASC\u00d3 TROFEUS GALLS VIUS CURSES ST ANTONI<\/a><\/p>\n<p>&nbsp;<\/p>\n","protected":false},"excerpt":{"rendered":"<p>La Festa de Sant Antoni d&#8217;Asc\u00f3 \u00e9s festa declarada d&#8217;intr\u00e8s Nacional per la Generalitat, un dels actes m\u00e9s populars s\u00f3n les corrides de cavalls, matxos i rucs, on tradicionalment s&#8217;entreguen galls vius com a trofeu als guanyadors.\u00a0 ADRIANA MONCL\u00daS CRO &hellip; <a href=\"https:\/\/www.radiomoradebre.cat\/wp\/2014\/05\/14\/actyma-denuncia-lajuntament-dasco-per-entregar-galls-vius-com-a-trofeus\/\">Continue reading <span class=\"meta-nav\">&rarr;<\/span><\/a><\/p>\n","protected":false},"author":3,"featured_media":0,"comment_status":"closed","ping_status":"open","sticky":false,"template":"","format":"standard","meta":{"footnotes":""},"categories":[2],"tags":[3132,69,3133,3134,1331,3136,2498,3135],"class_list":["post-8633","post","type-post","status-publish","format-standard","hentry","category-noticies","tag-actyma","tag-asco","tag-corrides","tag-curses","tag-denuncia","tag-gall","tag-sant-antoni","tag-trofeu"],"_links":{"self":[{"href":"https:\/\/www.radiomoradebre.cat\/wp\/wp-json\/wp\/v2\/posts\/8633","targetHints":{"allow":["GET"]}}],"collection":[{"href":"https:\/\/www.radiomoradebre.cat\/wp\/wp-json\/wp\/v2\/posts"}],"about":[{"href":"https:\/\/www.radiomoradebre.cat\/wp\/wp-json\/wp\/v2\/types\/post"}],"author":[{"embeddable":true,"href":"https:\/\/www.radiomoradebre.cat\/wp\/wp-json\/wp\/v2\/users\/3"}],"replies":[{"embeddable":true,"href":"https:\/\/www.radiomoradebre.cat\/wp\/wp-json\/wp\/v2\/comments?post=8633"}],"version-history":[{"count":1,"href":"https:\/\/www.radiomoradebre.cat\/wp\/wp-json\/wp\/v2\/posts\/8633\/revisions"}],"predecessor-version":[{"id":8638,"href":"https:\/\/www.radiomoradebre.cat\/wp\/wp-json\/wp\/v2\/posts\/8633\/revisions\/8638"}],"wp:attachment":[{"href":"https:\/\/www.radiomoradebre.cat\/wp\/wp-json\/wp\/v2\/media?parent=8633"}],"wp:term":[{"taxonomy":"category","embeddable":true,"href":"https:\/\/www.radiomoradebre.cat\/wp\/wp-json\/wp\/v2\/categories?post=8633"},{"taxonomy":"post_tag","embeddable":true,"href":"https:\/\/www.radiomoradebre.cat\/wp\/wp-json\/wp\/v2\/tags?post=8633"}],"curies":[{"name":"wp","href":"https:\/\/api.w.org\/{rel}","templated":true}]}}