
{"id":7597,"date":"2014-03-19T11:14:53","date_gmt":"2014-03-19T10:14:53","guid":{"rendered":"http:\/\/radiomoradebre.cat\/wp\/?p=7597"},"modified":"2014-03-19T11:14:53","modified_gmt":"2014-03-19T10:14:53","slug":"el-litterarum-programara-per-primer-cop-al-riu-ebre","status":"publish","type":"post","link":"https:\/\/www.radiomoradebre.cat\/wp\/2014\/03\/19\/el-litterarum-programara-per-primer-cop-al-riu-ebre\/","title":{"rendered":"El Litterarum programar\u00e0 per primer cop al riu Ebre."},"content":{"rendered":"<p><em><strong>Litterarum oferir\u00e0 un espectacle literari basat amb textos de l&#8217;obra Cam\u00ed de Sirga de Jes\u00fas Moncada en el transcurs d&#8217;un viatge amb lla\u00fct per l&#8217;Ebre. La setena edici\u00f3 de la Fira d\u2019Espectacles literaris de M\u00f3ra d\u2019Ebre programar\u00e0 m\u00e9s de 15 espectacles mentre que la Fira del Llibre Ebrenc aplegar\u00e0 una trentena d\u2019autors amb l\u2019objectiu d\u2019arribar als 4 mil visitants.\u00a0<\/strong><\/em><\/p>\n<p>ADRIANA MONCL\u00daS<\/p>\n<p><a href=\"http:\/\/radiomoradebre.cat\/wp\/wp-content\/uploads\/2014\/03\/CRO-19-3-14-PRESENTACI\u00d3-LITTERARUM-I-FIRA-LLIBRE-EBRENC.mp3\">CRO 19-3-14 PRESENTACI\u00d3 LITTERARUM I FIRA LLIBRE EBRENC<\/a><\/p>\n<p><a href=\"http:\/\/radiomoradebre.cat\/wp\/wp-content\/uploads\/2014\/03\/Presentaci\u00f3-Litterarum-i-Fira-LLibre-Ebrenc-18-3-14.jpg\"><img loading=\"lazy\" decoding=\"async\" class=\"size-medium wp-image-7602 aligncenter\" alt=\"Presentaci\u00f3 Litterarum i Fira LLibre Ebrenc 18-3-14\" src=\"http:\/\/radiomoradebre.cat\/wp\/wp-content\/uploads\/2014\/03\/Presentaci\u00f3-Litterarum-i-Fira-LLibre-Ebrenc-18-3-14-300x168.jpg\" width=\"300\" height=\"168\" srcset=\"https:\/\/www.radiomoradebre.cat\/wp\/wp-content\/uploads\/2014\/03\/Presentaci\u00f3-Litterarum-i-Fira-LLibre-Ebrenc-18-3-14-300x168.jpg 300w, https:\/\/www.radiomoradebre.cat\/wp\/wp-content\/uploads\/2014\/03\/Presentaci\u00f3-Litterarum-i-Fira-LLibre-Ebrenc-18-3-14.jpg 855w\" sizes=\"auto, (max-width: 300px) 100vw, 300px\" \/><\/a> <a href=\"http:\/\/radiomoradebre.cat\/wp\/wp-content\/uploads\/2014\/03\/Presentaci\u00f3-Litterarum-i-fira-llibre_2-18-3-14.jpg\"><img loading=\"lazy\" decoding=\"async\" class=\"size-medium wp-image-7603 aligncenter\" alt=\"Presentaci\u00f3 Litterarum i fira llibre_2 18-3-14\" src=\"http:\/\/radiomoradebre.cat\/wp\/wp-content\/uploads\/2014\/03\/Presentaci\u00f3-Litterarum-i-fira-llibre_2-18-3-14-300x168.jpg\" width=\"300\" height=\"168\" srcset=\"https:\/\/www.radiomoradebre.cat\/wp\/wp-content\/uploads\/2014\/03\/Presentaci\u00f3-Litterarum-i-fira-llibre_2-18-3-14-300x168.jpg 300w, https:\/\/www.radiomoradebre.cat\/wp\/wp-content\/uploads\/2014\/03\/Presentaci\u00f3-Litterarum-i-fira-llibre_2-18-3-14.jpg 855w\" sizes=\"auto, (max-width: 300px) 100vw, 300px\" \/><\/a> <a href=\"http:\/\/radiomoradebre.cat\/wp\/wp-content\/uploads\/2014\/03\/Cartell-Litterarum-i-Fira-Llibre-Ebrenc-2014.jpg\"><img loading=\"lazy\" decoding=\"async\" class=\"size-medium wp-image-7604 aligncenter\" alt=\"Cartell Litterarum i Fira Llibre Ebrenc 2014\" src=\"http:\/\/radiomoradebre.cat\/wp\/wp-content\/uploads\/2014\/03\/Cartell-Litterarum-i-Fira-Llibre-Ebrenc-2014-211x300.jpg\" width=\"211\" height=\"300\" srcset=\"https:\/\/www.radiomoradebre.cat\/wp\/wp-content\/uploads\/2014\/03\/Cartell-Litterarum-i-Fira-Llibre-Ebrenc-2014-211x300.jpg 211w, https:\/\/www.radiomoradebre.cat\/wp\/wp-content\/uploads\/2014\/03\/Cartell-Litterarum-i-Fira-Llibre-Ebrenc-2014.jpg 339w\" sizes=\"auto, (max-width: 211px) 100vw, 211px\" \/><\/a><\/p>\n","protected":false},"excerpt":{"rendered":"<p>Litterarum oferir\u00e0 un espectacle literari basat amb textos de l&#8217;obra Cam\u00ed de Sirga de Jes\u00fas Moncada en el transcurs d&#8217;un viatge amb lla\u00fct per l&#8217;Ebre. La setena edici\u00f3 de la Fira d\u2019Espectacles literaris de M\u00f3ra d\u2019Ebre programar\u00e0 m\u00e9s de 15 &hellip; <a href=\"https:\/\/www.radiomoradebre.cat\/wp\/2014\/03\/19\/el-litterarum-programara-per-primer-cop-al-riu-ebre\/\">Continue reading <span class=\"meta-nav\">&rarr;<\/span><\/a><\/p>\n","protected":false},"author":3,"featured_media":0,"comment_status":"closed","ping_status":"open","sticky":false,"template":"","format":"standard","meta":{"footnotes":""},"categories":[2],"tags":[847,797,2217,606,821,844,1181,57,1167,64],"class_list":["post-7597","post","type-post","status-publish","format-standard","hentry","category-noticies","tag-albert-pujol","tag-cultura","tag-espectacles","tag-fira-del-llibre-ebrenc","tag-literatura","tag-litterarum","tag-llibre","tag-mora-debre","tag-presentacio","tag-riu"],"_links":{"self":[{"href":"https:\/\/www.radiomoradebre.cat\/wp\/wp-json\/wp\/v2\/posts\/7597","targetHints":{"allow":["GET"]}}],"collection":[{"href":"https:\/\/www.radiomoradebre.cat\/wp\/wp-json\/wp\/v2\/posts"}],"about":[{"href":"https:\/\/www.radiomoradebre.cat\/wp\/wp-json\/wp\/v2\/types\/post"}],"author":[{"embeddable":true,"href":"https:\/\/www.radiomoradebre.cat\/wp\/wp-json\/wp\/v2\/users\/3"}],"replies":[{"embeddable":true,"href":"https:\/\/www.radiomoradebre.cat\/wp\/wp-json\/wp\/v2\/comments?post=7597"}],"version-history":[{"count":1,"href":"https:\/\/www.radiomoradebre.cat\/wp\/wp-json\/wp\/v2\/posts\/7597\/revisions"}],"predecessor-version":[{"id":7605,"href":"https:\/\/www.radiomoradebre.cat\/wp\/wp-json\/wp\/v2\/posts\/7597\/revisions\/7605"}],"wp:attachment":[{"href":"https:\/\/www.radiomoradebre.cat\/wp\/wp-json\/wp\/v2\/media?parent=7597"}],"wp:term":[{"taxonomy":"category","embeddable":true,"href":"https:\/\/www.radiomoradebre.cat\/wp\/wp-json\/wp\/v2\/categories?post=7597"},{"taxonomy":"post_tag","embeddable":true,"href":"https:\/\/www.radiomoradebre.cat\/wp\/wp-json\/wp\/v2\/tags?post=7597"}],"curies":[{"name":"wp","href":"https:\/\/api.w.org\/{rel}","templated":true}]}}