
{"id":7380,"date":"2014-03-10T11:10:55","date_gmt":"2014-03-10T10:10:55","guid":{"rendered":"http:\/\/radiomoradebre.cat\/wp\/?p=7380"},"modified":"2014-03-10T11:10:55","modified_gmt":"2014-03-10T10:10:55","slug":"julio-antonio-sera-el-protagonista-dels-premis-culturals-de-la-biblioteca-de-mora-debre","status":"publish","type":"post","link":"https:\/\/www.radiomoradebre.cat\/wp\/2014\/03\/10\/julio-antonio-sera-el-protagonista-dels-premis-culturals-de-la-biblioteca-de-mora-debre\/","title":{"rendered":"Julio Antonio ser\u00e0 el protagonista dels premis culturals de la Biblioteca de M\u00f3ra d&#8217;Ebre."},"content":{"rendered":"<p><em><strong>La Biblioteca Comarcal de M\u00f3ra d\u2019Ebre dedicar\u00e0 el premi de poesia i el concurs de punts de llibre d\u2019aquest any al 125\u00e8 aniversari del naixement de l\u2019escultor morenc Julio Antonio.<\/strong><\/em><\/p>\n<p><b>ADRIANA MONCL\u00daS<\/b><\/p>\n<p><a href=\"http:\/\/radiomoradebre.cat\/wp\/wp-content\/uploads\/2014\/03\/CRO-10-3-14-CONCURS-PUNT-LLIBRE-I-POESIA-BIBLIOTECA-MDE.mp3\">CRO 10-3-14 CONCURS PUNT LLIBRE I POESIA BIBLIOTECA MDE<\/a><\/p>\n<p><a href=\"http:\/\/radiomoradebre.cat\/wp\/wp-content\/uploads\/2014\/03\/z1poesia.png\"><img loading=\"lazy\" decoding=\"async\" class=\"alignnone size-medium wp-image-7381\" alt=\"z1poesia\" src=\"http:\/\/radiomoradebre.cat\/wp\/wp-content\/uploads\/2014\/03\/z1poesia-212x300.png\" width=\"212\" height=\"300\" srcset=\"https:\/\/www.radiomoradebre.cat\/wp\/wp-content\/uploads\/2014\/03\/z1poesia-212x300.png 212w, https:\/\/www.radiomoradebre.cat\/wp\/wp-content\/uploads\/2014\/03\/z1poesia-723x1024.png 723w, https:\/\/www.radiomoradebre.cat\/wp\/wp-content\/uploads\/2014\/03\/z1poesia.png 800w\" sizes=\"auto, (max-width: 212px) 100vw, 212px\" \/><\/a> <a href=\"http:\/\/radiomoradebre.cat\/wp\/wp-content\/uploads\/2014\/03\/z1puntdellibre.png\"><img loading=\"lazy\" decoding=\"async\" class=\"alignnone size-medium wp-image-7382\" alt=\"z1puntdellibre\" src=\"http:\/\/radiomoradebre.cat\/wp\/wp-content\/uploads\/2014\/03\/z1puntdellibre-300x212.png\" width=\"300\" height=\"212\" srcset=\"https:\/\/www.radiomoradebre.cat\/wp\/wp-content\/uploads\/2014\/03\/z1puntdellibre-300x212.png 300w, https:\/\/www.radiomoradebre.cat\/wp\/wp-content\/uploads\/2014\/03\/z1puntdellibre.png 800w\" sizes=\"auto, (max-width: 300px) 100vw, 300px\" \/><\/a><\/p>\n<p>&nbsp;<\/p>\n","protected":false},"excerpt":{"rendered":"<p>La Biblioteca Comarcal de M\u00f3ra d\u2019Ebre dedicar\u00e0 el premi de poesia i el concurs de punts de llibre d\u2019aquest any al 125\u00e8 aniversari del naixement de l\u2019escultor morenc Julio Antonio. ADRIANA MONCL\u00daS CRO 10-3-14 CONCURS PUNT LLIBRE I POESIA BIBLIOTECA &hellip; <a href=\"https:\/\/www.radiomoradebre.cat\/wp\/2014\/03\/10\/julio-antonio-sera-el-protagonista-dels-premis-culturals-de-la-biblioteca-de-mora-debre\/\">Continue reading <span class=\"meta-nav\">&rarr;<\/span><\/a><\/p>\n","protected":false},"author":3,"featured_media":0,"comment_status":"closed","ping_status":"open","sticky":false,"template":"","format":"standard","meta":{"footnotes":""},"categories":[2],"tags":[352,2788,2415,1181,57,1389,2787],"class_list":["post-7380","post","type-post","status-publish","format-standard","hentry","category-noticies","tag-biblioteca","tag-escultura","tag-julio-antonio","tag-llibre","tag-mora-debre","tag-poesia","tag-punt"],"_links":{"self":[{"href":"https:\/\/www.radiomoradebre.cat\/wp\/wp-json\/wp\/v2\/posts\/7380","targetHints":{"allow":["GET"]}}],"collection":[{"href":"https:\/\/www.radiomoradebre.cat\/wp\/wp-json\/wp\/v2\/posts"}],"about":[{"href":"https:\/\/www.radiomoradebre.cat\/wp\/wp-json\/wp\/v2\/types\/post"}],"author":[{"embeddable":true,"href":"https:\/\/www.radiomoradebre.cat\/wp\/wp-json\/wp\/v2\/users\/3"}],"replies":[{"embeddable":true,"href":"https:\/\/www.radiomoradebre.cat\/wp\/wp-json\/wp\/v2\/comments?post=7380"}],"version-history":[{"count":1,"href":"https:\/\/www.radiomoradebre.cat\/wp\/wp-json\/wp\/v2\/posts\/7380\/revisions"}],"predecessor-version":[{"id":7383,"href":"https:\/\/www.radiomoradebre.cat\/wp\/wp-json\/wp\/v2\/posts\/7380\/revisions\/7383"}],"wp:attachment":[{"href":"https:\/\/www.radiomoradebre.cat\/wp\/wp-json\/wp\/v2\/media?parent=7380"}],"wp:term":[{"taxonomy":"category","embeddable":true,"href":"https:\/\/www.radiomoradebre.cat\/wp\/wp-json\/wp\/v2\/categories?post=7380"},{"taxonomy":"post_tag","embeddable":true,"href":"https:\/\/www.radiomoradebre.cat\/wp\/wp-json\/wp\/v2\/tags?post=7380"}],"curies":[{"name":"wp","href":"https:\/\/api.w.org\/{rel}","templated":true}]}}