
{"id":6892,"date":"2014-02-07T09:11:41","date_gmt":"2014-02-07T08:11:41","guid":{"rendered":"http:\/\/radiomoradebre.cat\/wp\/?p=6892"},"modified":"2014-02-07T09:11:41","modified_gmt":"2014-02-07T08:11:41","slug":"les-converses-entre-flix-i-el-consorci-tenen-data-de-caducitat","status":"publish","type":"post","link":"https:\/\/www.radiomoradebre.cat\/wp\/2014\/02\/07\/les-converses-entre-flix-i-el-consorci-tenen-data-de-caducitat\/","title":{"rendered":"Les converses entre Flix i el Consorci tenen data de caducitat."},"content":{"rendered":"<p><em><strong>L\u2019Ajuntament de Flix i el Consorci de Residus de la Ribera d\u2019Ebre, la Terra Alta i el Priorat tenen un mes i mig per arribar a un acord i que Flix no surti del consorci al mes de juliol. I \u00e9s que el consistori flixanco hauria d\u2019iniciar el concurs p\u00fablic per adjudicar el servei a meitats del proper mes de mar\u00e7.<\/strong><\/em><\/p>\n<p>Les converses entre l\u2019ajuntament de Flix i el consorci de residus de les tres comarques tenen data l\u00edmit, concretament d\u2019aqu\u00ed un mes i mig. I \u00e9s que si finalment el consistori municipal continua endavant amb la decisi\u00f3 de sortir del consorci de cara al proper mes de juliol haur\u00e0 de posar en marxa un concurs p\u00fablic per adjudicar el servei com a molt tard a meitats del mes de mar\u00e7. Marc Mur \u00e9s l\u2019alcalde de Flix:<\/p>\n<p><a href=\"http:\/\/radiomoradebre.cat\/wp\/wp-content\/uploads\/2014\/02\/MARC-MUR-6-2-14-NEGOCIACI\u00d3-CONSORCI-FINS-MAR\u00c7.mp3\">MARC MUR 6-2-14 NEGOCIACI\u00d3 CONSORCI FINS MAR\u00c7<\/a><\/p>\n<p>Mur afegia que si \u00e9s milloren les condicions no tindran cap problema en quedar-se, per\u00f2 si aquestes continuen com estaven en data 31 de desembre (quan el ple del consistori municipal va aprovar la sortida del consorci) es mantindran amb la decisi\u00f3 presa.<\/p>\n","protected":false},"excerpt":{"rendered":"<p>L\u2019Ajuntament de Flix i el Consorci de Residus de la Ribera d\u2019Ebre, la Terra Alta i el Priorat tenen un mes i mig per arribar a un acord i que Flix no surti del consorci al mes de juliol. I &hellip; <a href=\"https:\/\/www.radiomoradebre.cat\/wp\/2014\/02\/07\/les-converses-entre-flix-i-el-consorci-tenen-data-de-caducitat\/\">Continue reading <span class=\"meta-nav\">&rarr;<\/span><\/a><\/p>\n","protected":false},"author":3,"featured_media":0,"comment_status":"closed","ping_status":"open","sticky":false,"template":"","format":"standard","meta":{"footnotes":""},"categories":[2],"tags":[184,1081,93,117,2202,49,677,2080,96,26],"class_list":["post-6892","post","type-post","status-publish","format-standard","hentry","category-noticies","tag-brossa","tag-consorci","tag-flix","tag-marc-mur","tag-negociacio","tag-priorat","tag-residus","tag-reunio","tag-ribera-debre","tag-terra-alta"],"_links":{"self":[{"href":"https:\/\/www.radiomoradebre.cat\/wp\/wp-json\/wp\/v2\/posts\/6892","targetHints":{"allow":["GET"]}}],"collection":[{"href":"https:\/\/www.radiomoradebre.cat\/wp\/wp-json\/wp\/v2\/posts"}],"about":[{"href":"https:\/\/www.radiomoradebre.cat\/wp\/wp-json\/wp\/v2\/types\/post"}],"author":[{"embeddable":true,"href":"https:\/\/www.radiomoradebre.cat\/wp\/wp-json\/wp\/v2\/users\/3"}],"replies":[{"embeddable":true,"href":"https:\/\/www.radiomoradebre.cat\/wp\/wp-json\/wp\/v2\/comments?post=6892"}],"version-history":[{"count":1,"href":"https:\/\/www.radiomoradebre.cat\/wp\/wp-json\/wp\/v2\/posts\/6892\/revisions"}],"predecessor-version":[{"id":6895,"href":"https:\/\/www.radiomoradebre.cat\/wp\/wp-json\/wp\/v2\/posts\/6892\/revisions\/6895"}],"wp:attachment":[{"href":"https:\/\/www.radiomoradebre.cat\/wp\/wp-json\/wp\/v2\/media?parent=6892"}],"wp:term":[{"taxonomy":"category","embeddable":true,"href":"https:\/\/www.radiomoradebre.cat\/wp\/wp-json\/wp\/v2\/categories?post=6892"},{"taxonomy":"post_tag","embeddable":true,"href":"https:\/\/www.radiomoradebre.cat\/wp\/wp-json\/wp\/v2\/tags?post=6892"}],"curies":[{"name":"wp","href":"https:\/\/api.w.org\/{rel}","templated":true}]}}