
{"id":6861,"date":"2014-02-06T10:59:21","date_gmt":"2014-02-06T09:59:21","guid":{"rendered":"http:\/\/radiomoradebre.cat\/wp\/?p=6861"},"modified":"2014-02-06T11:05:17","modified_gmt":"2014-02-06T10:05:17","slug":"mur-no-creu-que-ercros-inverteixi-en-el-canvi-tecnologic-de-la-quimica-de-flix-per","status":"publish","type":"post","link":"https:\/\/www.radiomoradebre.cat\/wp\/2014\/02\/06\/mur-no-creu-que-ercros-inverteixi-en-el-canvi-tecnologic-de-la-quimica-de-flix-per\/","title":{"rendered":"Mur no creu que ERCROS inverteixi en el canvi tecnol\u00f2gic de la qu\u00edmica de Flix per"},"content":{"rendered":"<p><em><strong>El batlle de Flix, Marc Mur creu que el 31 de desembre del 2017 \u00e9s la data de caducitat de la producci\u00f3 de clor a la qu\u00edmica ja que no confia en que la qu\u00edmica realitzi la inversi\u00f3 necess\u00e0ria a Flix per efectuar el canvi tecnol\u00f2gic que implica deixar de produir amb mercuri.<\/strong><\/em><\/p>\n<p>CR\u00d2NICA ADRIANA MONCL\u00daS<\/p>\n<p><a href=\"http:\/\/radiomoradebre.cat\/wp\/wp-content\/uploads\/2014\/02\/CRO-6-2-14-MUR-SOBRE-ERCROS.mp3\">CRO 6-2-14 MUR SOBRE ERCROS<\/a><\/p>\n<p>ERCROS necessita realitzar una important inversi\u00f3 si vol seguir produint clor m\u00e9s enll\u00e0 del 2017, i \u00e9s que ha de modificar la totalitat de la tecnologia actual de la planta d\u2019electr\u00f2lisis per deixar de produir amb mercuri. Una inversi\u00f3 que l\u2019alcalde de Flix, Marc Mur, no creu que es realitzi, ja que diu ERCROS va deixar d\u2019invertir a la qu\u00edmica de Flix fa molts anys:<\/p>\n<p><a href=\"http:\/\/radiomoradebre.cat\/wp\/wp-content\/uploads\/2014\/02\/MARC-MUR-5-2-14-NO-CREC-QUE-ERCROS-INVERTEIXI-CANVI-TECNOLOGIC.mp3\">MARC MUR 5-2-14 NO CREC QUE ERCROS INVERTEIXI CANVI TECNOLOGIC<\/a><\/p>\n<p>Mur afegia que si ERCROS tingu\u00e9s la voluntat d\u2019invertir a Flix ja faria anys que s\u2019estarien actualitzant les plantes i aix\u00f2 no s\u2019ha fet.<\/p>\n","protected":false},"excerpt":{"rendered":"<p>El batlle de Flix, Marc Mur creu que el 31 de desembre del 2017 \u00e9s la data de caducitat de la producci\u00f3 de clor a la qu\u00edmica ja que no confia en que la qu\u00edmica realitzi la inversi\u00f3 necess\u00e0ria a &hellip; <a href=\"https:\/\/www.radiomoradebre.cat\/wp\/2014\/02\/06\/mur-no-creu-que-ercros-inverteixi-en-el-canvi-tecnologic-de-la-quimica-de-flix-per\/\">Continue reading <span class=\"meta-nav\">&rarr;<\/span><\/a><\/p>\n","protected":false},"author":3,"featured_media":0,"comment_status":"closed","ping_status":"open","sticky":false,"template":"","format":"standard","meta":{"footnotes":""},"categories":[2],"tags":[2589,2591,959,94,93,117,1879,2590,116,2637],"class_list":["post-6861","post","type-post","status-publish","format-standard","hentry","category-noticies","tag-canvi","tag-clor","tag-economia","tag-ercros","tag-flix","tag-marc-mur","tag-mercuri","tag-produccio","tag-quimica","tag-tecnologic"],"_links":{"self":[{"href":"https:\/\/www.radiomoradebre.cat\/wp\/wp-json\/wp\/v2\/posts\/6861","targetHints":{"allow":["GET"]}}],"collection":[{"href":"https:\/\/www.radiomoradebre.cat\/wp\/wp-json\/wp\/v2\/posts"}],"about":[{"href":"https:\/\/www.radiomoradebre.cat\/wp\/wp-json\/wp\/v2\/types\/post"}],"author":[{"embeddable":true,"href":"https:\/\/www.radiomoradebre.cat\/wp\/wp-json\/wp\/v2\/users\/3"}],"replies":[{"embeddable":true,"href":"https:\/\/www.radiomoradebre.cat\/wp\/wp-json\/wp\/v2\/comments?post=6861"}],"version-history":[{"count":2,"href":"https:\/\/www.radiomoradebre.cat\/wp\/wp-json\/wp\/v2\/posts\/6861\/revisions"}],"predecessor-version":[{"id":6870,"href":"https:\/\/www.radiomoradebre.cat\/wp\/wp-json\/wp\/v2\/posts\/6861\/revisions\/6870"}],"wp:attachment":[{"href":"https:\/\/www.radiomoradebre.cat\/wp\/wp-json\/wp\/v2\/media?parent=6861"}],"wp:term":[{"taxonomy":"category","embeddable":true,"href":"https:\/\/www.radiomoradebre.cat\/wp\/wp-json\/wp\/v2\/categories?post=6861"},{"taxonomy":"post_tag","embeddable":true,"href":"https:\/\/www.radiomoradebre.cat\/wp\/wp-json\/wp\/v2\/tags?post=6861"}],"curies":[{"name":"wp","href":"https:\/\/api.w.org\/{rel}","templated":true}]}}