
{"id":6557,"date":"2014-01-22T11:00:34","date_gmt":"2014-01-22T10:00:34","guid":{"rendered":"http:\/\/radiomoradebre.cat\/wp\/?p=6557"},"modified":"2014-01-22T11:00:34","modified_gmt":"2014-01-22T10:00:34","slug":"rebutjat-el-contencios-administratiu-sobre-lacord-de-sobirania-fiscal-aprovat-per-lajuntament-de-mora-debre","status":"publish","type":"post","link":"https:\/\/www.radiomoradebre.cat\/wp\/2014\/01\/22\/rebutjat-el-contencios-administratiu-sobre-lacord-de-sobirania-fiscal-aprovat-per-lajuntament-de-mora-debre\/","title":{"rendered":"Rebutjat el contenci\u00f3s administratiu sobre l&#8217;acord de sobirania fiscal aprovat per l&#8217;Ajuntament de M\u00f3ra d&#8217;Ebre."},"content":{"rendered":"<p><em><strong>El jutjat de Tarragona rebutja el contenci\u00f3s administratiu que la Delegaci\u00f3 del Govern espanyol a Catalunya va interposar contra l\u2019acord de sobirania fiscal que va aprovar l\u2019Ajuntament de M\u00f3ra d\u2019Ebre el passat 15 d\u2019octubre.<\/strong><\/em><\/p>\n<p>La jutgessa del Jutjat Contenci\u00f3s Administratiu n\u00famero 2 de Tarragona ha decretat la inadmissibilitat del recurs contenci\u00f3s administratiu que va interposar la Delegaci\u00f3 del Govern espanyol a Catalunya en contra de l\u2019acord de plenari que va aprovar l\u2019Ajuntament de M\u00f3ra d\u2019Ebre el passat 15 d\u2019octubre on es manifestava la voluntat del consistori municipal d\u2019exercir la sobirania fiscal i ingressar alguns impostos a l\u2019Ag\u00e8ncia Tribut\u00e0ria catalana.<\/p>\n<p>Considera que l\u2019acord municipal no constitueix cap acte administratiu perqu\u00e8 no ha tingut efecte pr\u00e0ctic, i no s\u2019ha provat que el consistori municipal hagi deixat de complir les seues obligacions fiscals. A m\u00e9s considera que es tracta d\u2019una q\u00fcesti\u00f3 pol\u00edtica sense efectes jur\u00eddics.<\/p>\n<p>L\u2019advocat de l\u2019Estat t\u00e9 un termini de 15 dies per rec\u00f3rrer la interlocut\u00f2ria del jutjat davant del Tribunal Superior de Just\u00edcia de Catalunya.<\/p>\n","protected":false},"excerpt":{"rendered":"<p>El jutjat de Tarragona rebutja el contenci\u00f3s administratiu que la Delegaci\u00f3 del Govern espanyol a Catalunya va interposar contra l\u2019acord de sobirania fiscal que va aprovar l\u2019Ajuntament de M\u00f3ra d\u2019Ebre el passat 15 d\u2019octubre. La jutgessa del Jutjat Contenci\u00f3s Administratiu &hellip; <a href=\"https:\/\/www.radiomoradebre.cat\/wp\/2014\/01\/22\/rebutjat-el-contencios-administratiu-sobre-lacord-de-sobirania-fiscal-aprovat-per-lajuntament-de-mora-debre\/\">Continue reading <span class=\"meta-nav\">&rarr;<\/span><\/a><\/p>\n","protected":false},"author":3,"featured_media":0,"comment_status":"closed","ping_status":"open","sticky":false,"template":"","format":"standard","meta":{"footnotes":""},"categories":[2],"tags":[1171,1067,993,2054,57,2553],"class_list":["post-6557","post","type-post","status-publish","format-standard","hentry","category-noticies","tag-administratiu","tag-ajuntament","tag-contencios","tag-fiscal","tag-mora-debre","tag-sobirania"],"_links":{"self":[{"href":"https:\/\/www.radiomoradebre.cat\/wp\/wp-json\/wp\/v2\/posts\/6557","targetHints":{"allow":["GET"]}}],"collection":[{"href":"https:\/\/www.radiomoradebre.cat\/wp\/wp-json\/wp\/v2\/posts"}],"about":[{"href":"https:\/\/www.radiomoradebre.cat\/wp\/wp-json\/wp\/v2\/types\/post"}],"author":[{"embeddable":true,"href":"https:\/\/www.radiomoradebre.cat\/wp\/wp-json\/wp\/v2\/users\/3"}],"replies":[{"embeddable":true,"href":"https:\/\/www.radiomoradebre.cat\/wp\/wp-json\/wp\/v2\/comments?post=6557"}],"version-history":[{"count":1,"href":"https:\/\/www.radiomoradebre.cat\/wp\/wp-json\/wp\/v2\/posts\/6557\/revisions"}],"predecessor-version":[{"id":6558,"href":"https:\/\/www.radiomoradebre.cat\/wp\/wp-json\/wp\/v2\/posts\/6557\/revisions\/6558"}],"wp:attachment":[{"href":"https:\/\/www.radiomoradebre.cat\/wp\/wp-json\/wp\/v2\/media?parent=6557"}],"wp:term":[{"taxonomy":"category","embeddable":true,"href":"https:\/\/www.radiomoradebre.cat\/wp\/wp-json\/wp\/v2\/categories?post=6557"},{"taxonomy":"post_tag","embeddable":true,"href":"https:\/\/www.radiomoradebre.cat\/wp\/wp-json\/wp\/v2\/tags?post=6557"}],"curies":[{"name":"wp","href":"https:\/\/api.w.org\/{rel}","templated":true}]}}