
{"id":6275,"date":"2014-01-02T10:59:38","date_gmt":"2014-01-02T09:59:38","guid":{"rendered":"http:\/\/radiomoradebre.cat\/wp\/?p=6275"},"modified":"2014-01-02T10:59:38","modified_gmt":"2014-01-02T09:59:38","slug":"flix-abandonara-el-consorci-de-residus-el-proper-mes-de-juliol","status":"publish","type":"post","link":"https:\/\/www.radiomoradebre.cat\/wp\/2014\/01\/02\/flix-abandonara-el-consorci-de-residus-el-proper-mes-de-juliol\/","title":{"rendered":"Flix abandonar\u00e0 el Consorci de Residus el proper mes de juliol."},"content":{"rendered":"<p><em><strong>Nou cop per al Consorci de Residus de la Ribera d\u2019Ebre, la Terra Alta i el Priorat. Flix segueix el cam\u00ed de la Terra Alta i anuncia la seua sortida del consorci d\u2019aqu\u00ed a 6 mesos.<\/strong><\/em><\/p>\n<p>Aix\u00ed ho va aprovar el darrer plenari extraordinari del 2013 del consistori municipal. Que assegura que aquesta \u00e9s una decisi\u00f3 no agradable i que ve desencadenada per un seguit d\u2019accions que s\u2019han vingut donant des que el Consorci externalitz\u00e9s el servei. Entre aquestes precisament s\u2019hi troba la nova addenda que havien de signar tots els municipis consorciats. Marc Mur \u00e9s l\u2019alcalde de Flix:<\/p>\n<p><a href=\"http:\/\/radiomoradebre.cat\/wp\/wp-content\/uploads\/2014\/01\/MARC-MUR-31-12-SORTIDA-FLIX-CONSORCI-RESIDUS.mp3\">MARC MUR 31-12 SORTIDA FLIX CONSORCI RESIDUS<\/a><\/p>\n<p>Flix revoca d\u2019aquesta manera el conveni que va signar amb el consorci el 10 de juliol del 1997 i ho ha fet amb els 6 mesos d\u2019antelaci\u00f3 que estipula aquest. A mitjans del mes de gener s\u2019iniciar\u00e0 un proc\u00e9s de contractaci\u00f3 per realitzar un concurs p\u00fablic i adjudicar el servei a l\u2019empresa que se n\u2019encarregar\u00e0 de la gesti\u00f3 de residus a Flix a partir de l\u20191 de juliol.<\/p>\n<p><a href=\"http:\/\/radiomoradebre.cat\/wp\/wp-content\/uploads\/2014\/01\/Ple-Flix-sortida-consorci-residus-31-12-2013.jpg\"><img loading=\"lazy\" decoding=\"async\" class=\"size-medium wp-image-6276 aligncenter\" alt=\"Ple Flix sortida consorci residus 31-12-2013\" src=\"http:\/\/radiomoradebre.cat\/wp\/wp-content\/uploads\/2014\/01\/Ple-Flix-sortida-consorci-residus-31-12-2013-300x168.jpg\" width=\"300\" height=\"168\" srcset=\"https:\/\/www.radiomoradebre.cat\/wp\/wp-content\/uploads\/2014\/01\/Ple-Flix-sortida-consorci-residus-31-12-2013-300x168.jpg 300w, https:\/\/www.radiomoradebre.cat\/wp\/wp-content\/uploads\/2014\/01\/Ple-Flix-sortida-consorci-residus-31-12-2013.jpg 912w\" sizes=\"auto, (max-width: 300px) 100vw, 300px\" \/><\/a><\/p>\n","protected":false},"excerpt":{"rendered":"<p>Nou cop per al Consorci de Residus de la Ribera d\u2019Ebre, la Terra Alta i el Priorat. Flix segueix el cam\u00ed de la Terra Alta i anuncia la seua sortida del consorci d\u2019aqu\u00ed a 6 mesos. Aix\u00ed ho va aprovar &hellip; <a href=\"https:\/\/www.radiomoradebre.cat\/wp\/2014\/01\/02\/flix-abandonara-el-consorci-de-residus-el-proper-mes-de-juliol\/\">Continue reading <span class=\"meta-nav\">&rarr;<\/span><\/a><\/p>\n","protected":false},"author":3,"featured_media":0,"comment_status":"closed","ping_status":"open","sticky":false,"template":"","format":"standard","meta":{"footnotes":""},"categories":[2],"tags":[1081,93,117,49,677,96,2061,26],"class_list":["post-6275","post","type-post","status-publish","format-standard","hentry","category-noticies","tag-consorci","tag-flix","tag-marc-mur","tag-priorat","tag-residus","tag-ribera-debre","tag-sortida","tag-terra-alta"],"_links":{"self":[{"href":"https:\/\/www.radiomoradebre.cat\/wp\/wp-json\/wp\/v2\/posts\/6275","targetHints":{"allow":["GET"]}}],"collection":[{"href":"https:\/\/www.radiomoradebre.cat\/wp\/wp-json\/wp\/v2\/posts"}],"about":[{"href":"https:\/\/www.radiomoradebre.cat\/wp\/wp-json\/wp\/v2\/types\/post"}],"author":[{"embeddable":true,"href":"https:\/\/www.radiomoradebre.cat\/wp\/wp-json\/wp\/v2\/users\/3"}],"replies":[{"embeddable":true,"href":"https:\/\/www.radiomoradebre.cat\/wp\/wp-json\/wp\/v2\/comments?post=6275"}],"version-history":[{"count":1,"href":"https:\/\/www.radiomoradebre.cat\/wp\/wp-json\/wp\/v2\/posts\/6275\/revisions"}],"predecessor-version":[{"id":6277,"href":"https:\/\/www.radiomoradebre.cat\/wp\/wp-json\/wp\/v2\/posts\/6275\/revisions\/6277"}],"wp:attachment":[{"href":"https:\/\/www.radiomoradebre.cat\/wp\/wp-json\/wp\/v2\/media?parent=6275"}],"wp:term":[{"taxonomy":"category","embeddable":true,"href":"https:\/\/www.radiomoradebre.cat\/wp\/wp-json\/wp\/v2\/categories?post=6275"},{"taxonomy":"post_tag","embeddable":true,"href":"https:\/\/www.radiomoradebre.cat\/wp\/wp-json\/wp\/v2\/tags?post=6275"}],"curies":[{"name":"wp","href":"https:\/\/api.w.org\/{rel}","templated":true}]}}