
{"id":6123,"date":"2013-12-20T10:22:43","date_gmt":"2013-12-20T09:22:43","guid":{"rendered":"http:\/\/radiomoradebre.cat\/wp\/?p=6123"},"modified":"2013-12-20T10:22:43","modified_gmt":"2013-12-20T09:22:43","slug":"la-crisi-segueix-afectant-a-la-venda-de-loteria","status":"publish","type":"post","link":"https:\/\/www.radiomoradebre.cat\/wp\/2013\/12\/20\/la-crisi-segueix-afectant-a-la-venda-de-loteria\/","title":{"rendered":"La crisi segueix afectant a la venda de loteria."},"content":{"rendered":"<p><em><strong>La crisi segueix afectant un any m\u00e9s a la venda de d\u00e8cims de loteria. Tot i aix\u00f2 la Grossa de Cap d\u2019any no li ha fet la compet\u00e8ncia al sorteig de Nadal que arriba ja aquest diumenge.<\/strong><\/em><\/p>\n<p>El dia 22 de desembre \u00e9s una data que al llarg de la hist\u00f2ria ha donat alegries a moltes persones que han vist com els nens del San Ildefonso cantaven el seu n\u00famero. Una data que arriba aquest diumenge quan molts esperen que canvi\u00ef la seua sort i puguin comen\u00e7ar d\u2019una altra manera el 2014. A dos dies per a que es celebri el sorteig de loteria de Nadal sabem que la crisi continua afectant a les ventes, tot i aix\u00f2 el fet que aquest any hi hagi un sorteig m\u00e9s a Catalunya, la Grossa de Cap d\u2019any, no ha influenciat en la compra de d\u00e8cims. N\u00faria Latorre, de l\u2019Administraci\u00f3 de Loteria de M\u00f3ra d\u2019Ebre:<\/p>\n<p><a href=\"http:\/\/radiomoradebre.cat\/wp\/wp-content\/uploads\/2013\/12\/NURIA-LA-TORRE-19-12-VENTA-LOTERIA-NADAL-2013.mp3\">NURIA LA TORRE 19-12 VENTA LOTERIA NADAL 2013<\/a><\/p>\n<p>Entre els n\u00fameros m\u00e9s demanats aquest any hi destaquen els acabats en 13 i 7:<\/p>\n<p><a href=\"http:\/\/radiomoradebre.cat\/wp\/wp-content\/uploads\/2013\/12\/NURIA-LA-TORRE-19-12-TERMINACIONS-LOTERIA-NADAL.mp3\">NURIA LA TORRE 19-12 TERMINACIONS LOTERIA NADAL<\/a><\/p>\n<p>Aquest \u00e9s el primer any que els premiats no estan exempts de pagar impostos. Una mesura que segons La Torre s\u2019ha notat en les vendes al llarg de tot l\u2019any.<\/p>\n<p>El sorteig el podran seguir en directe el diumenge al mat\u00ed per aquesta emissora.<\/p>\n<p><a href=\"http:\/\/radiomoradebre.cat\/wp\/wp-content\/uploads\/2013\/12\/decimo-loteria-navidad-2013.jpg\"><img loading=\"lazy\" decoding=\"async\" class=\"size-medium wp-image-6124 aligncenter\" alt=\"decimo-loteria-navidad-2013\" src=\"http:\/\/radiomoradebre.cat\/wp\/wp-content\/uploads\/2013\/12\/decimo-loteria-navidad-2013-300x183.jpg\" width=\"300\" height=\"183\" srcset=\"https:\/\/www.radiomoradebre.cat\/wp\/wp-content\/uploads\/2013\/12\/decimo-loteria-navidad-2013-300x183.jpg 300w, https:\/\/www.radiomoradebre.cat\/wp\/wp-content\/uploads\/2013\/12\/decimo-loteria-navidad-2013.jpg 843w\" sizes=\"auto, (max-width: 300px) 100vw, 300px\" \/><\/a><\/p>\n","protected":false},"excerpt":{"rendered":"<p>La crisi segueix afectant un any m\u00e9s a la venda de d\u00e8cims de loteria. Tot i aix\u00f2 la Grossa de Cap d\u2019any no li ha fet la compet\u00e8ncia al sorteig de Nadal que arriba ja aquest diumenge. El dia 22 &hellip; <a href=\"https:\/\/www.radiomoradebre.cat\/wp\/2013\/12\/20\/la-crisi-segueix-afectant-a-la-venda-de-loteria\/\">Continue reading <span class=\"meta-nav\">&rarr;<\/span><\/a><\/p>\n","protected":false},"author":3,"featured_media":0,"comment_status":"closed","ping_status":"open","sticky":false,"template":"","format":"standard","meta":{"footnotes":""},"categories":[2],"tags":[2421,2169,2420,2225,2419,1152],"class_list":["post-6123","post","type-post","status-publish","format-standard","hentry","category-noticies","tag-decim","tag-grossa","tag-loteria","tag-nadal","tag-sorteig","tag-venda"],"_links":{"self":[{"href":"https:\/\/www.radiomoradebre.cat\/wp\/wp-json\/wp\/v2\/posts\/6123","targetHints":{"allow":["GET"]}}],"collection":[{"href":"https:\/\/www.radiomoradebre.cat\/wp\/wp-json\/wp\/v2\/posts"}],"about":[{"href":"https:\/\/www.radiomoradebre.cat\/wp\/wp-json\/wp\/v2\/types\/post"}],"author":[{"embeddable":true,"href":"https:\/\/www.radiomoradebre.cat\/wp\/wp-json\/wp\/v2\/users\/3"}],"replies":[{"embeddable":true,"href":"https:\/\/www.radiomoradebre.cat\/wp\/wp-json\/wp\/v2\/comments?post=6123"}],"version-history":[{"count":1,"href":"https:\/\/www.radiomoradebre.cat\/wp\/wp-json\/wp\/v2\/posts\/6123\/revisions"}],"predecessor-version":[{"id":6125,"href":"https:\/\/www.radiomoradebre.cat\/wp\/wp-json\/wp\/v2\/posts\/6123\/revisions\/6125"}],"wp:attachment":[{"href":"https:\/\/www.radiomoradebre.cat\/wp\/wp-json\/wp\/v2\/media?parent=6123"}],"wp:term":[{"taxonomy":"category","embeddable":true,"href":"https:\/\/www.radiomoradebre.cat\/wp\/wp-json\/wp\/v2\/categories?post=6123"},{"taxonomy":"post_tag","embeddable":true,"href":"https:\/\/www.radiomoradebre.cat\/wp\/wp-json\/wp\/v2\/tags?post=6123"}],"curies":[{"name":"wp","href":"https:\/\/api.w.org\/{rel}","templated":true}]}}