
{"id":5834,"date":"2013-12-09T17:17:02","date_gmt":"2013-12-09T16:17:02","guid":{"rendered":"http:\/\/radiomoradebre.cat\/wp\/?p=5834"},"modified":"2013-12-09T17:17:02","modified_gmt":"2013-12-09T16:17:02","slug":"nova-plataforma-ciutadana-en-contra-de-la-mat-escatron-la-secuita","status":"publish","type":"post","link":"https:\/\/www.radiomoradebre.cat\/wp\/2013\/12\/09\/nova-plataforma-ciutadana-en-contra-de-la-mat-escatron-la-secuita\/","title":{"rendered":"Nova plataforma ciutadana en contra de la MAT Escatr\u00f3n-La Secuita."},"content":{"rendered":"<p><em><strong>Sorgeix una nova\u00a0plataforma ciutadana en contra de la l\u00ednia de Molt Alta Tensi\u00f3 entre Escatr\u00f3n i La Secuita. S&#8217;hi han adherit quatre municipis i una quarantena d&#8217;entitats.<\/strong><\/em><\/p>\n<p>L&#8217;objectiu \u00e9s continuar\u00a0informant, conscienciant i sensibilitzant a la ciutadania de les cinc comarques catalanes afectades (totes de la nostra demarcaci\u00f3) -la Terra Alta, la Ribera d&#8217;Ebre, el Priorat, el Baix Camp i el Tarragon\u00e8s- dels perjudicis de la implantaci\u00f3 d&#8217;aquesta nova l\u00ednia.<\/p>\n<p>Despr\u00e9s d&#8217;un informe negatiu de la Generalitat i l&#8217;oposici\u00f3 del mateix conseller d&#8217;empresa, felip puig,\u00a0el front pol\u00edtic contra la l\u00ednia que es va formalitzar dilluns al territori entre els presidents dels cinc consells comarcals afectats i alcaldes de diversos municipis es refor\u00e7a amb la creaci\u00f3 d&#8217;aquesta plataforma. Un ens que recorda que la demarcaci\u00f3 consumeix un 13% del total d&#8217;energia consumida a Catalunya, i en canvi en produeix el 70%.<\/p>\n","protected":false},"excerpt":{"rendered":"<p>Sorgeix una nova\u00a0plataforma ciutadana en contra de la l\u00ednia de Molt Alta Tensi\u00f3 entre Escatr\u00f3n i La Secuita. S&#8217;hi han adherit quatre municipis i una quarantena d&#8217;entitats. L&#8217;objectiu \u00e9s continuar\u00a0informant, conscienciant i sensibilitzant a la ciutadania de les cinc comarques &hellip; <a href=\"https:\/\/www.radiomoradebre.cat\/wp\/2013\/12\/09\/nova-plataforma-ciutadana-en-contra-de-la-mat-escatron-la-secuita\/\">Continue reading <span class=\"meta-nav\">&rarr;<\/span><\/a><\/p>\n","protected":false},"author":3,"featured_media":0,"comment_status":"closed","ping_status":"open","sticky":false,"template":"","format":"standard","meta":{"footnotes":""},"categories":[2],"tags":[2350,2348,2352,1932,1933,884,1585,2349,2009,2351],"class_list":["post-5834","post","type-post","status-publish","format-standard","hentry","category-noticies","tag-alta","tag-ciutadana","tag-electria","tag-escatron","tag-la-secuita","tag-linea","tag-mat","tag-molt","tag-plataforma","tag-tensio"],"_links":{"self":[{"href":"https:\/\/www.radiomoradebre.cat\/wp\/wp-json\/wp\/v2\/posts\/5834","targetHints":{"allow":["GET"]}}],"collection":[{"href":"https:\/\/www.radiomoradebre.cat\/wp\/wp-json\/wp\/v2\/posts"}],"about":[{"href":"https:\/\/www.radiomoradebre.cat\/wp\/wp-json\/wp\/v2\/types\/post"}],"author":[{"embeddable":true,"href":"https:\/\/www.radiomoradebre.cat\/wp\/wp-json\/wp\/v2\/users\/3"}],"replies":[{"embeddable":true,"href":"https:\/\/www.radiomoradebre.cat\/wp\/wp-json\/wp\/v2\/comments?post=5834"}],"version-history":[{"count":1,"href":"https:\/\/www.radiomoradebre.cat\/wp\/wp-json\/wp\/v2\/posts\/5834\/revisions"}],"predecessor-version":[{"id":5837,"href":"https:\/\/www.radiomoradebre.cat\/wp\/wp-json\/wp\/v2\/posts\/5834\/revisions\/5837"}],"wp:attachment":[{"href":"https:\/\/www.radiomoradebre.cat\/wp\/wp-json\/wp\/v2\/media?parent=5834"}],"wp:term":[{"taxonomy":"category","embeddable":true,"href":"https:\/\/www.radiomoradebre.cat\/wp\/wp-json\/wp\/v2\/categories?post=5834"},{"taxonomy":"post_tag","embeddable":true,"href":"https:\/\/www.radiomoradebre.cat\/wp\/wp-json\/wp\/v2\/tags?post=5834"}],"curies":[{"name":"wp","href":"https:\/\/api.w.org\/{rel}","templated":true}]}}