
{"id":58264,"date":"2025-12-16T12:05:53","date_gmt":"2025-12-16T11:05:53","guid":{"rendered":"https:\/\/www.radiomoradebre.cat\/wp\/?p=58264"},"modified":"2025-12-16T12:05:54","modified_gmt":"2025-12-16T11:05:54","slug":"la-prestatgeria-amb-la-montse-bartolome-de-la-biblioteca-salvador-estrem-i-fa-de-falset-21","status":"publish","type":"post","link":"https:\/\/www.radiomoradebre.cat\/wp\/2025\/12\/16\/la-prestatgeria-amb-la-montse-bartolome-de-la-biblioteca-salvador-estrem-i-fa-de-falset-21\/","title":{"rendered":"LA PRESTATGERIA amb la Montse Bartolom\u00e9, de la Biblioteca Salvador Estrem i Fa de Falset"},"content":{"rendered":"\n<p><strong><em>La Montse Bartolom\u00e9, de la Biblioteca de Falset, ens recomana un nou llibre i ens explica la programaci\u00f3 de la Biblioteca, a m\u00e9s d\u2019altres novetats i curiositats liter\u00e0ries.<\/em><\/strong>&nbsp;<strong><em>Cada dimarts, a partir de les 12h del migdia, omplim La Prestatgeria!<\/em><\/strong><\/p>\n\n\n\n<p><strong><em>Avui, afegim a La Prestatgeria el llibre &#8220;Jamila&#8221; de l&#8217;escriptor Txinguiz Aitm\u00e0tov.<\/em><\/strong><\/p>\n\n\n\n<figure class=\"wp-block-audio\"><audio controls src=\"https:\/\/www.radiomoradebre.cat\/wp\/wp-content\/uploads\/2025\/12\/LP-FALSET-16-12-25.mp3\"><\/audio><\/figure>\n\n\n\n<figure class=\"wp-block-image size-large\"><a href=\"https:\/\/www.radiomoradebre.cat\/wp\/wp-content\/uploads\/2025\/12\/Imagen-de-WhatsApp-2025-12-16-a-las-11.01.30_50ab1a3e.jpg\"><img loading=\"lazy\" decoding=\"async\" width=\"655\" height=\"1024\" src=\"https:\/\/www.radiomoradebre.cat\/wp\/wp-content\/uploads\/2025\/12\/Imagen-de-WhatsApp-2025-12-16-a-las-11.01.30_50ab1a3e-655x1024.jpg\" alt=\"\" class=\"wp-image-58270\" srcset=\"https:\/\/www.radiomoradebre.cat\/wp\/wp-content\/uploads\/2025\/12\/Imagen-de-WhatsApp-2025-12-16-a-las-11.01.30_50ab1a3e-655x1024.jpg 655w, https:\/\/www.radiomoradebre.cat\/wp\/wp-content\/uploads\/2025\/12\/Imagen-de-WhatsApp-2025-12-16-a-las-11.01.30_50ab1a3e-192x300.jpg 192w, https:\/\/www.radiomoradebre.cat\/wp\/wp-content\/uploads\/2025\/12\/Imagen-de-WhatsApp-2025-12-16-a-las-11.01.30_50ab1a3e-768x1201.jpg 768w, https:\/\/www.radiomoradebre.cat\/wp\/wp-content\/uploads\/2025\/12\/Imagen-de-WhatsApp-2025-12-16-a-las-11.01.30_50ab1a3e.jpg 828w\" sizes=\"auto, (max-width: 655px) 100vw, 655px\" \/><\/a><\/figure>\n\n\n\n<p><audio src=\"https:\/\/www.radiomoradebre.cat\/wp\/wp-content\/uploads\/2025\/11\/LP-FALSET-18-11-25.mp3\"><\/audio><\/p>\n","protected":false},"excerpt":{"rendered":"<p>La Montse Bartolom\u00e9, de la Biblioteca de Falset, ens recomana un nou llibre i ens explica la programaci\u00f3 de la Biblioteca, a m\u00e9s d\u2019altres novetats i curiositats liter\u00e0ries.&nbsp;Cada dimarts, a partir de les 12h del migdia, omplim La Prestatgeria! Avui, &hellip; <a href=\"https:\/\/www.radiomoradebre.cat\/wp\/2025\/12\/16\/la-prestatgeria-amb-la-montse-bartolome-de-la-biblioteca-salvador-estrem-i-fa-de-falset-21\/\">Continue reading <span class=\"meta-nav\">&rarr;<\/span><\/a><\/p>\n","protected":false},"author":3,"featured_media":0,"comment_status":"closed","ping_status":"open","sticky":false,"template":"","format":"standard","meta":{"footnotes":""},"categories":[30567,8],"tags":[16030,34370,11750,34371],"class_list":["post-58264","post","type-post","status-publish","format-standard","hentry","category-la-prestatgeria","category-programes","tag-biblioteca-de-falset","tag-jamila","tag-montse-bartolome","tag-txinguiz-aitmatov"],"_links":{"self":[{"href":"https:\/\/www.radiomoradebre.cat\/wp\/wp-json\/wp\/v2\/posts\/58264","targetHints":{"allow":["GET"]}}],"collection":[{"href":"https:\/\/www.radiomoradebre.cat\/wp\/wp-json\/wp\/v2\/posts"}],"about":[{"href":"https:\/\/www.radiomoradebre.cat\/wp\/wp-json\/wp\/v2\/types\/post"}],"author":[{"embeddable":true,"href":"https:\/\/www.radiomoradebre.cat\/wp\/wp-json\/wp\/v2\/users\/3"}],"replies":[{"embeddable":true,"href":"https:\/\/www.radiomoradebre.cat\/wp\/wp-json\/wp\/v2\/comments?post=58264"}],"version-history":[{"count":1,"href":"https:\/\/www.radiomoradebre.cat\/wp\/wp-json\/wp\/v2\/posts\/58264\/revisions"}],"predecessor-version":[{"id":58274,"href":"https:\/\/www.radiomoradebre.cat\/wp\/wp-json\/wp\/v2\/posts\/58264\/revisions\/58274"}],"wp:attachment":[{"href":"https:\/\/www.radiomoradebre.cat\/wp\/wp-json\/wp\/v2\/media?parent=58264"}],"wp:term":[{"taxonomy":"category","embeddable":true,"href":"https:\/\/www.radiomoradebre.cat\/wp\/wp-json\/wp\/v2\/categories?post=58264"},{"taxonomy":"post_tag","embeddable":true,"href":"https:\/\/www.radiomoradebre.cat\/wp\/wp-json\/wp\/v2\/tags?post=58264"}],"curies":[{"name":"wp","href":"https:\/\/api.w.org\/{rel}","templated":true}]}}