
{"id":58250,"date":"2025-12-15T12:43:20","date_gmt":"2025-12-15T11:43:20","guid":{"rendered":"https:\/\/www.radiomoradebre.cat\/wp\/?p=58250"},"modified":"2025-12-15T12:43:20","modified_gmt":"2025-12-15T11:43:20","slug":"entrevista-amb-jose-luis-morant-ramos-lo-torronero-de-tortosa","status":"publish","type":"post","link":"https:\/\/www.radiomoradebre.cat\/wp\/2025\/12\/15\/entrevista-amb-jose-luis-morant-ramos-lo-torronero-de-tortosa\/","title":{"rendered":"ENTREVISTA amb Jos\u00e9 Luis Morant Ramos &#8220;Lo Torronero&#8221; de Tortosa"},"content":{"rendered":"\n<p>Avui parlem amb lo Torronero de Tortosa, Jos\u00e9 Morant Sirvent, que representa m\u00e9s d\u2019un segle de tradici\u00f3 torronera a la ciutat. Des de finals del segle XIX, la fam\u00edlia Morant ha elaborat torrons artesans que formen part del Nadal ebrenc. En aquesta entrevista, descobrim la seva hist\u00f2ria, l\u2019ofici i el valor de mantenir viva la tradici\u00f3.<\/p>\n\n\n\n<figure class=\"wp-block-audio\"><audio controls src=\"https:\/\/www.radiomoradebre.cat\/wp\/wp-content\/uploads\/2025\/12\/ENTREVISTA-LO-TORRONERO-25.mp3\"><\/audio><\/figure>\n\n\n\n<figure class=\"wp-block-image size-full\"><a href=\"https:\/\/www.radiomoradebre.cat\/wp\/wp-content\/uploads\/2025\/12\/Captura.jpg\"><img loading=\"lazy\" decoding=\"async\" width=\"615\" height=\"646\" src=\"https:\/\/www.radiomoradebre.cat\/wp\/wp-content\/uploads\/2025\/12\/Captura.jpg\" alt=\"\" class=\"wp-image-58252\" srcset=\"https:\/\/www.radiomoradebre.cat\/wp\/wp-content\/uploads\/2025\/12\/Captura.jpg 615w, https:\/\/www.radiomoradebre.cat\/wp\/wp-content\/uploads\/2025\/12\/Captura-286x300.jpg 286w\" sizes=\"auto, (max-width: 615px) 100vw, 615px\" \/><\/a><\/figure>\n","protected":false},"excerpt":{"rendered":"<p>Avui parlem amb lo Torronero de Tortosa, Jos\u00e9 Morant Sirvent, que representa m\u00e9s d\u2019un segle de tradici\u00f3 torronera a la ciutat. Des de finals del segle XIX, la fam\u00edlia Morant ha elaborat torrons artesans que formen part del Nadal ebrenc. &hellip; <a href=\"https:\/\/www.radiomoradebre.cat\/wp\/2025\/12\/15\/entrevista-amb-jose-luis-morant-ramos-lo-torronero-de-tortosa\/\">Continue reading <span class=\"meta-nav\">&rarr;<\/span><\/a><\/p>\n","protected":false},"author":3,"featured_media":0,"comment_status":"closed","ping_status":"open","sticky":false,"template":"","format":"standard","meta":{"footnotes":""},"categories":[8],"tags":[10255,21145,34367,34366,2225,3963,71],"class_list":["post-58250","post","type-post","status-publish","format-standard","hentry","category-programes","tag-entrevista","tag-entrevistes","tag-jose-luis-morant","tag-lo-torronero","tag-nadal","tag-torrons","tag-tortosa"],"_links":{"self":[{"href":"https:\/\/www.radiomoradebre.cat\/wp\/wp-json\/wp\/v2\/posts\/58250","targetHints":{"allow":["GET"]}}],"collection":[{"href":"https:\/\/www.radiomoradebre.cat\/wp\/wp-json\/wp\/v2\/posts"}],"about":[{"href":"https:\/\/www.radiomoradebre.cat\/wp\/wp-json\/wp\/v2\/types\/post"}],"author":[{"embeddable":true,"href":"https:\/\/www.radiomoradebre.cat\/wp\/wp-json\/wp\/v2\/users\/3"}],"replies":[{"embeddable":true,"href":"https:\/\/www.radiomoradebre.cat\/wp\/wp-json\/wp\/v2\/comments?post=58250"}],"version-history":[{"count":1,"href":"https:\/\/www.radiomoradebre.cat\/wp\/wp-json\/wp\/v2\/posts\/58250\/revisions"}],"predecessor-version":[{"id":58253,"href":"https:\/\/www.radiomoradebre.cat\/wp\/wp-json\/wp\/v2\/posts\/58250\/revisions\/58253"}],"wp:attachment":[{"href":"https:\/\/www.radiomoradebre.cat\/wp\/wp-json\/wp\/v2\/media?parent=58250"}],"wp:term":[{"taxonomy":"category","embeddable":true,"href":"https:\/\/www.radiomoradebre.cat\/wp\/wp-json\/wp\/v2\/categories?post=58250"},{"taxonomy":"post_tag","embeddable":true,"href":"https:\/\/www.radiomoradebre.cat\/wp\/wp-json\/wp\/v2\/tags?post=58250"}],"curies":[{"name":"wp","href":"https:\/\/api.w.org\/{rel}","templated":true}]}}