
{"id":57788,"date":"2025-10-24T14:31:10","date_gmt":"2025-10-24T12:31:10","guid":{"rendered":"https:\/\/www.radiomoradebre.cat\/wp\/?p=57788"},"modified":"2025-10-24T14:31:11","modified_gmt":"2025-10-24T12:31:11","slug":"inauguracio-193-fira-agricola-ramadera-i-industrial-de-mora-la-nova","status":"publish","type":"post","link":"https:\/\/www.radiomoradebre.cat\/wp\/2025\/10\/24\/inauguracio-193-fira-agricola-ramadera-i-industrial-de-mora-la-nova\/","title":{"rendered":"INAUGURACI\u00d3 193 FIRA AGR\u00cdCOLA, RAMADERA I INDUSTRIAL DE M\u00d3RA LA NOVA"},"content":{"rendered":"\n<p><em><strong>Aquest dijous s\u2019ha inaugurat la 193 Fira Agr\u00edcola, Ramadera i Industrial de M\u00f3ra la Nova. Un tret de sortida que va anar a c\u00e0rrec l\u2019alcalde de M\u00f3ra la Nova i president de la Fira, Jes\u00fas \u00c0lvarez, i la presidenta de la Diputaci\u00f3 de Tarragona, Noem\u00ed Llaurad\u00f3, pregonera de la Fira. Un programa especial que va comptar amb el suport de l\u2019Ajuntament de M\u00f3ra la Nova, la Diputaci\u00f3 de Tarragona i l\u2019Associaci\u00f3 Nuclear Asc\u00f3-Vandell\u00f2s II, on van passar-hi diversos protagonistes per l\u2019estand.<\/strong><\/em><\/p>\n\n\n\n<figure class=\"wp-block-audio\"><audio controls src=\"https:\/\/www.radiomoradebre.cat\/wp\/wp-content\/uploads\/2025\/10\/PREGO-INAUGURAL-FIRA-MORA-LA-NOVA-25.mp3\"><\/audio><\/figure>\n\n\n\n<figure class=\"wp-block-gallery has-nested-images columns-default is-cropped wp-block-gallery-1 is-layout-flex wp-block-gallery-is-layout-flex\">\n<figure class=\"wp-block-image size-large\"><a href=\"https:\/\/www.radiomoradebre.cat\/wp\/wp-content\/uploads\/2025\/10\/IMG-20251023-WA0026.jpg\"><img loading=\"lazy\" decoding=\"async\" width=\"768\" height=\"1024\" data-id=\"57797\" src=\"https:\/\/www.radiomoradebre.cat\/wp\/wp-content\/uploads\/2025\/10\/IMG-20251023-WA0026-768x1024.jpg\" alt=\"\" class=\"wp-image-57797\" srcset=\"https:\/\/www.radiomoradebre.cat\/wp\/wp-content\/uploads\/2025\/10\/IMG-20251023-WA0026-768x1024.jpg 768w, https:\/\/www.radiomoradebre.cat\/wp\/wp-content\/uploads\/2025\/10\/IMG-20251023-WA0026-225x300.jpg 225w, https:\/\/www.radiomoradebre.cat\/wp\/wp-content\/uploads\/2025\/10\/IMG-20251023-WA0026-1152x1536.jpg 1152w, https:\/\/www.radiomoradebre.cat\/wp\/wp-content\/uploads\/2025\/10\/IMG-20251023-WA0026.jpg 1200w\" sizes=\"auto, (max-width: 768px) 100vw, 768px\" \/><\/a><\/figure>\n\n\n\n<figure class=\"wp-block-image size-large\"><a href=\"https:\/\/www.radiomoradebre.cat\/wp\/wp-content\/uploads\/2025\/10\/IMG-20251023-WA0015-scaled.jpeg\"><img loading=\"lazy\" decoding=\"async\" width=\"1024\" height=\"576\" data-id=\"57799\" src=\"https:\/\/www.radiomoradebre.cat\/wp\/wp-content\/uploads\/2025\/10\/IMG-20251023-WA0015-1024x576.jpeg\" alt=\"\" class=\"wp-image-57799\" srcset=\"https:\/\/www.radiomoradebre.cat\/wp\/wp-content\/uploads\/2025\/10\/IMG-20251023-WA0015-1024x576.jpeg 1024w, https:\/\/www.radiomoradebre.cat\/wp\/wp-content\/uploads\/2025\/10\/IMG-20251023-WA0015-300x169.jpeg 300w, https:\/\/www.radiomoradebre.cat\/wp\/wp-content\/uploads\/2025\/10\/IMG-20251023-WA0015-768x432.jpeg 768w, https:\/\/www.radiomoradebre.cat\/wp\/wp-content\/uploads\/2025\/10\/IMG-20251023-WA0015-1536x864.jpeg 1536w, https:\/\/www.radiomoradebre.cat\/wp\/wp-content\/uploads\/2025\/10\/IMG-20251023-WA0015-2048x1152.jpeg 2048w\" sizes=\"auto, (max-width: 1024px) 100vw, 1024px\" \/><\/a><\/figure>\n\n\n\n<figure class=\"wp-block-image size-large\"><a href=\"https:\/\/www.radiomoradebre.cat\/wp\/wp-content\/uploads\/2025\/10\/20251023_182927-scaled.jpg\"><img loading=\"lazy\" decoding=\"async\" width=\"768\" height=\"1024\" data-id=\"57798\" src=\"https:\/\/www.radiomoradebre.cat\/wp\/wp-content\/uploads\/2025\/10\/20251023_182927-768x1024.jpg\" alt=\"\" class=\"wp-image-57798\" srcset=\"https:\/\/www.radiomoradebre.cat\/wp\/wp-content\/uploads\/2025\/10\/20251023_182927-768x1024.jpg 768w, https:\/\/www.radiomoradebre.cat\/wp\/wp-content\/uploads\/2025\/10\/20251023_182927-225x300.jpg 225w, https:\/\/www.radiomoradebre.cat\/wp\/wp-content\/uploads\/2025\/10\/20251023_182927-1152x1536.jpg 1152w, https:\/\/www.radiomoradebre.cat\/wp\/wp-content\/uploads\/2025\/10\/20251023_182927-1536x2048.jpg 1536w, https:\/\/www.radiomoradebre.cat\/wp\/wp-content\/uploads\/2025\/10\/20251023_182927-scaled.jpg 1920w\" sizes=\"auto, (max-width: 768px) 100vw, 768px\" \/><\/a><\/figure>\n\n\n\n<figure class=\"wp-block-image size-large\"><a href=\"https:\/\/www.radiomoradebre.cat\/wp\/wp-content\/uploads\/2025\/10\/20251023_183426-scaled.jpg\"><img loading=\"lazy\" decoding=\"async\" width=\"768\" height=\"1024\" data-id=\"57796\" src=\"https:\/\/www.radiomoradebre.cat\/wp\/wp-content\/uploads\/2025\/10\/20251023_183426-768x1024.jpg\" alt=\"\" class=\"wp-image-57796\" srcset=\"https:\/\/www.radiomoradebre.cat\/wp\/wp-content\/uploads\/2025\/10\/20251023_183426-768x1024.jpg 768w, https:\/\/www.radiomoradebre.cat\/wp\/wp-content\/uploads\/2025\/10\/20251023_183426-225x300.jpg 225w, https:\/\/www.radiomoradebre.cat\/wp\/wp-content\/uploads\/2025\/10\/20251023_183426-1152x1536.jpg 1152w, https:\/\/www.radiomoradebre.cat\/wp\/wp-content\/uploads\/2025\/10\/20251023_183426-1536x2048.jpg 1536w, https:\/\/www.radiomoradebre.cat\/wp\/wp-content\/uploads\/2025\/10\/20251023_183426-scaled.jpg 1920w\" sizes=\"auto, (max-width: 768px) 100vw, 768px\" \/><\/a><\/figure>\n\n\n\n<figure class=\"wp-block-image size-large\"><a href=\"https:\/\/www.radiomoradebre.cat\/wp\/wp-content\/uploads\/2025\/10\/20251023_175723-scaled.jpg\"><img loading=\"lazy\" decoding=\"async\" width=\"768\" height=\"1024\" data-id=\"57795\" src=\"https:\/\/www.radiomoradebre.cat\/wp\/wp-content\/uploads\/2025\/10\/20251023_175723-768x1024.jpg\" alt=\"\" class=\"wp-image-57795\" srcset=\"https:\/\/www.radiomoradebre.cat\/wp\/wp-content\/uploads\/2025\/10\/20251023_175723-768x1024.jpg 768w, https:\/\/www.radiomoradebre.cat\/wp\/wp-content\/uploads\/2025\/10\/20251023_175723-225x300.jpg 225w, https:\/\/www.radiomoradebre.cat\/wp\/wp-content\/uploads\/2025\/10\/20251023_175723-1152x1536.jpg 1152w, https:\/\/www.radiomoradebre.cat\/wp\/wp-content\/uploads\/2025\/10\/20251023_175723-1536x2048.jpg 1536w, https:\/\/www.radiomoradebre.cat\/wp\/wp-content\/uploads\/2025\/10\/20251023_175723-scaled.jpg 1920w\" sizes=\"auto, (max-width: 768px) 100vw, 768px\" \/><\/a><\/figure>\n\n\n\n<figure class=\"wp-block-image size-large\"><a href=\"https:\/\/www.radiomoradebre.cat\/wp\/wp-content\/uploads\/2025\/10\/20251023_181154-scaled.jpg\"><img loading=\"lazy\" decoding=\"async\" width=\"768\" height=\"1024\" data-id=\"57793\" src=\"https:\/\/www.radiomoradebre.cat\/wp\/wp-content\/uploads\/2025\/10\/20251023_181154-768x1024.jpg\" alt=\"\" class=\"wp-image-57793\" srcset=\"https:\/\/www.radiomoradebre.cat\/wp\/wp-content\/uploads\/2025\/10\/20251023_181154-768x1024.jpg 768w, https:\/\/www.radiomoradebre.cat\/wp\/wp-content\/uploads\/2025\/10\/20251023_181154-225x300.jpg 225w, https:\/\/www.radiomoradebre.cat\/wp\/wp-content\/uploads\/2025\/10\/20251023_181154-1152x1536.jpg 1152w, https:\/\/www.radiomoradebre.cat\/wp\/wp-content\/uploads\/2025\/10\/20251023_181154-1536x2048.jpg 1536w, https:\/\/www.radiomoradebre.cat\/wp\/wp-content\/uploads\/2025\/10\/20251023_181154-scaled.jpg 1920w\" sizes=\"auto, (max-width: 768px) 100vw, 768px\" \/><\/a><\/figure>\n\n\n\n<figure class=\"wp-block-image size-large\"><a href=\"https:\/\/www.radiomoradebre.cat\/wp\/wp-content\/uploads\/2025\/10\/20251023_180301-scaled.jpg\"><img loading=\"lazy\" decoding=\"async\" width=\"768\" height=\"1024\" data-id=\"57792\" src=\"https:\/\/www.radiomoradebre.cat\/wp\/wp-content\/uploads\/2025\/10\/20251023_180301-768x1024.jpg\" alt=\"\" class=\"wp-image-57792\" srcset=\"https:\/\/www.radiomoradebre.cat\/wp\/wp-content\/uploads\/2025\/10\/20251023_180301-768x1024.jpg 768w, https:\/\/www.radiomoradebre.cat\/wp\/wp-content\/uploads\/2025\/10\/20251023_180301-225x300.jpg 225w, https:\/\/www.radiomoradebre.cat\/wp\/wp-content\/uploads\/2025\/10\/20251023_180301-1152x1536.jpg 1152w, https:\/\/www.radiomoradebre.cat\/wp\/wp-content\/uploads\/2025\/10\/20251023_180301-1536x2048.jpg 1536w, https:\/\/www.radiomoradebre.cat\/wp\/wp-content\/uploads\/2025\/10\/20251023_180301-scaled.jpg 1920w\" sizes=\"auto, (max-width: 768px) 100vw, 768px\" \/><\/a><\/figure>\n\n\n\n<figure class=\"wp-block-image size-large\"><a href=\"https:\/\/www.radiomoradebre.cat\/wp\/wp-content\/uploads\/2025\/10\/20251023_181747-scaled.jpg\"><img loading=\"lazy\" decoding=\"async\" width=\"768\" height=\"1024\" data-id=\"57794\" src=\"https:\/\/www.radiomoradebre.cat\/wp\/wp-content\/uploads\/2025\/10\/20251023_181747-768x1024.jpg\" alt=\"\" class=\"wp-image-57794\" srcset=\"https:\/\/www.radiomoradebre.cat\/wp\/wp-content\/uploads\/2025\/10\/20251023_181747-768x1024.jpg 768w, https:\/\/www.radiomoradebre.cat\/wp\/wp-content\/uploads\/2025\/10\/20251023_181747-225x300.jpg 225w, https:\/\/www.radiomoradebre.cat\/wp\/wp-content\/uploads\/2025\/10\/20251023_181747-1152x1536.jpg 1152w, https:\/\/www.radiomoradebre.cat\/wp\/wp-content\/uploads\/2025\/10\/20251023_181747-1536x2048.jpg 1536w, https:\/\/www.radiomoradebre.cat\/wp\/wp-content\/uploads\/2025\/10\/20251023_181747-scaled.jpg 1920w\" sizes=\"auto, (max-width: 768px) 100vw, 768px\" \/><\/a><\/figure>\n<\/figure>\n\n\n\n<p><audio src=\"https:\/\/www.radiomoradebre.cat\/wp\/wp-content\/uploads\/2024\/10\/INAUGURACIO-FIRA-2024.mp3\"><\/audio><\/p>\n","protected":false},"excerpt":{"rendered":"<p>Aquest dijous s\u2019ha inaugurat la 193 Fira Agr\u00edcola, Ramadera i Industrial de M\u00f3ra la Nova. Un tret de sortida que va anar a c\u00e0rrec l\u2019alcalde de M\u00f3ra la Nova i president de la Fira, Jes\u00fas \u00c0lvarez, i la presidenta de &hellip; <a href=\"https:\/\/www.radiomoradebre.cat\/wp\/2025\/10\/24\/inauguracio-193-fira-agricola-ramadera-i-industrial-de-mora-la-nova\/\">Continue reading <span class=\"meta-nav\">&rarr;<\/span><\/a><\/p>\n","protected":false},"author":3,"featured_media":0,"comment_status":"closed","ping_status":"open","sticky":false,"template":"","format":"standard","meta":{"footnotes":""},"categories":[4007],"tags":[34115],"class_list":["post-57788","post","type-post","status-publish","format-standard","hentry","category-especials","tag-inauguracio-193-fira-de-mora-la-nova"],"_links":{"self":[{"href":"https:\/\/www.radiomoradebre.cat\/wp\/wp-json\/wp\/v2\/posts\/57788","targetHints":{"allow":["GET"]}}],"collection":[{"href":"https:\/\/www.radiomoradebre.cat\/wp\/wp-json\/wp\/v2\/posts"}],"about":[{"href":"https:\/\/www.radiomoradebre.cat\/wp\/wp-json\/wp\/v2\/types\/post"}],"author":[{"embeddable":true,"href":"https:\/\/www.radiomoradebre.cat\/wp\/wp-json\/wp\/v2\/users\/3"}],"replies":[{"embeddable":true,"href":"https:\/\/www.radiomoradebre.cat\/wp\/wp-json\/wp\/v2\/comments?post=57788"}],"version-history":[{"count":1,"href":"https:\/\/www.radiomoradebre.cat\/wp\/wp-json\/wp\/v2\/posts\/57788\/revisions"}],"predecessor-version":[{"id":57800,"href":"https:\/\/www.radiomoradebre.cat\/wp\/wp-json\/wp\/v2\/posts\/57788\/revisions\/57800"}],"wp:attachment":[{"href":"https:\/\/www.radiomoradebre.cat\/wp\/wp-json\/wp\/v2\/media?parent=57788"}],"wp:term":[{"taxonomy":"category","embeddable":true,"href":"https:\/\/www.radiomoradebre.cat\/wp\/wp-json\/wp\/v2\/categories?post=57788"},{"taxonomy":"post_tag","embeddable":true,"href":"https:\/\/www.radiomoradebre.cat\/wp\/wp-json\/wp\/v2\/tags?post=57788"}],"curies":[{"name":"wp","href":"https:\/\/api.w.org\/{rel}","templated":true}]}}