
{"id":56964,"date":"2025-07-24T13:48:59","date_gmt":"2025-07-24T11:48:59","guid":{"rendered":"https:\/\/www.radiomoradebre.cat\/wp\/?p=56964"},"modified":"2025-07-24T13:49:00","modified_gmt":"2025-07-24T11:49:00","slug":"entrevista-amb-gerard-andreu-sergi-andreu-i-maria-font","status":"publish","type":"post","link":"https:\/\/www.radiomoradebre.cat\/wp\/2025\/07\/24\/entrevista-amb-gerard-andreu-sergi-andreu-i-maria-font\/","title":{"rendered":"ENTREVISTA amb Gerard Andreu, Sergi Andreu i Maria Font"},"content":{"rendered":"\n<p><strong><em>El president de la colla gegantera de M\u00f3ra la Nova, Gerard Andreu, un membre de la colla, Sergi Andreu, i la regidora de cultura, Maria Font, han vingut per explicar-nos  la celebraci\u00f3 del 75\u00e8 aniversari dels gegants Remei i Dom\u00e8nec de M\u00f3ra la Nova.<\/em><\/strong><\/p>\n\n\n\n<figure class=\"wp-block-audio\"><audio controls src=\"https:\/\/www.radiomoradebre.cat\/wp\/wp-content\/uploads\/2025\/07\/ENTREVISTA-GEGANTS-MLN.mp3\"><\/audio><\/figure>\n\n\n\n<figure class=\"wp-block-image size-large is-resized\"><a href=\"https:\/\/www.radiomoradebre.cat\/wp\/wp-content\/uploads\/2025\/07\/20250724_133834-scaled.jpg\"><img loading=\"lazy\" decoding=\"async\" width=\"576\" height=\"1024\" src=\"https:\/\/www.radiomoradebre.cat\/wp\/wp-content\/uploads\/2025\/07\/20250724_133834-576x1024.jpg\" alt=\"\" class=\"wp-image-56966\" style=\"width:809px;height:auto\" srcset=\"https:\/\/www.radiomoradebre.cat\/wp\/wp-content\/uploads\/2025\/07\/20250724_133834-576x1024.jpg 576w, https:\/\/www.radiomoradebre.cat\/wp\/wp-content\/uploads\/2025\/07\/20250724_133834-169x300.jpg 169w, https:\/\/www.radiomoradebre.cat\/wp\/wp-content\/uploads\/2025\/07\/20250724_133834-768x1365.jpg 768w, https:\/\/www.radiomoradebre.cat\/wp\/wp-content\/uploads\/2025\/07\/20250724_133834-864x1536.jpg 864w, https:\/\/www.radiomoradebre.cat\/wp\/wp-content\/uploads\/2025\/07\/20250724_133834-1153x2048.jpg 1153w, https:\/\/www.radiomoradebre.cat\/wp\/wp-content\/uploads\/2025\/07\/20250724_133834-scaled.jpg 1441w\" sizes=\"auto, (max-width: 576px) 100vw, 576px\" \/><\/a><\/figure>\n","protected":false},"excerpt":{"rendered":"<p>El president de la colla gegantera de M\u00f3ra la Nova, Gerard Andreu, un membre de la colla, Sergi Andreu, i la regidora de cultura, Maria Font, han vingut per explicar-nos la celebraci\u00f3 del 75\u00e8 aniversari dels gegants Remei i Dom\u00e8nec &hellip; <a href=\"https:\/\/www.radiomoradebre.cat\/wp\/2025\/07\/24\/entrevista-amb-gerard-andreu-sergi-andreu-i-maria-font\/\">Continue reading <span class=\"meta-nav\">&rarr;<\/span><\/a><\/p>\n","protected":false},"author":3,"featured_media":0,"comment_status":"closed","ping_status":"open","sticky":false,"template":"","format":"standard","meta":{"footnotes":""},"categories":[8],"tags":[28885,33829,83],"class_list":["post-56964","post","type-post","status-publish","format-standard","hentry","category-programes","tag-75e-aniversari","tag-colla-gegantea","tag-mora-la-nova"],"_links":{"self":[{"href":"https:\/\/www.radiomoradebre.cat\/wp\/wp-json\/wp\/v2\/posts\/56964","targetHints":{"allow":["GET"]}}],"collection":[{"href":"https:\/\/www.radiomoradebre.cat\/wp\/wp-json\/wp\/v2\/posts"}],"about":[{"href":"https:\/\/www.radiomoradebre.cat\/wp\/wp-json\/wp\/v2\/types\/post"}],"author":[{"embeddable":true,"href":"https:\/\/www.radiomoradebre.cat\/wp\/wp-json\/wp\/v2\/users\/3"}],"replies":[{"embeddable":true,"href":"https:\/\/www.radiomoradebre.cat\/wp\/wp-json\/wp\/v2\/comments?post=56964"}],"version-history":[{"count":1,"href":"https:\/\/www.radiomoradebre.cat\/wp\/wp-json\/wp\/v2\/posts\/56964\/revisions"}],"predecessor-version":[{"id":56967,"href":"https:\/\/www.radiomoradebre.cat\/wp\/wp-json\/wp\/v2\/posts\/56964\/revisions\/56967"}],"wp:attachment":[{"href":"https:\/\/www.radiomoradebre.cat\/wp\/wp-json\/wp\/v2\/media?parent=56964"}],"wp:term":[{"taxonomy":"category","embeddable":true,"href":"https:\/\/www.radiomoradebre.cat\/wp\/wp-json\/wp\/v2\/categories?post=56964"},{"taxonomy":"post_tag","embeddable":true,"href":"https:\/\/www.radiomoradebre.cat\/wp\/wp-json\/wp\/v2\/tags?post=56964"}],"curies":[{"name":"wp","href":"https:\/\/api.w.org\/{rel}","templated":true}]}}