
{"id":56024,"date":"2025-04-07T11:35:53","date_gmt":"2025-04-07T09:35:53","guid":{"rendered":"https:\/\/www.radiomoradebre.cat\/wp\/?p=56024"},"modified":"2025-04-07T11:35:54","modified_gmt":"2025-04-07T09:35:54","slug":"entrevista-amb-ester-argany-portaveu-de-lassociacio-de-veins-afectats-per-lheliport","status":"publish","type":"post","link":"https:\/\/www.radiomoradebre.cat\/wp\/2025\/04\/07\/entrevista-amb-ester-argany-portaveu-de-lassociacio-de-veins-afectats-per-lheliport\/","title":{"rendered":"ENTREVISTA amb Ester Argany, portaveu de l&#8217;Associaci\u00f3 de Ve\u00efns afectats per l&#8217;Heliport"},"content":{"rendered":"\n<p>Aquesta passada setmana s&#8217;ha viscut una reuni\u00f3 entre l&#8217;Associaci\u00f3 de Ve\u00efns afectats per l&#8217;Heliport i els diferents agents per l&#8217;elecci\u00f3 del terreny indicat per a ubicar-se a M\u00f3ra d&#8217;Ebre com s\u00f3n el consistori, Salut, Territori, l&#8217;Hospital Comarcal o el Sistema d&#8217;Emerg\u00e8ncies M\u00e8diques (SEM). L&#8217;Ester Argany, portaveu de l&#8217;associaci\u00f3, ha explicat la reuni\u00f3.<\/p>\n\n\n\n<figure class=\"wp-block-audio\"><audio controls src=\"https:\/\/www.radiomoradebre.cat\/wp\/wp-content\/uploads\/2025\/04\/ENTREVISTA-ESTER-ARGANY.mp3\"><\/audio><\/figure>\n\n\n\n<figure class=\"wp-block-image size-large\"><a href=\"https:\/\/www.radiomoradebre.cat\/wp\/wp-content\/uploads\/2025\/04\/f7b1c853-440f-4699-9130-84dbc17d87f2-scaled.jpg\"><img loading=\"lazy\" decoding=\"async\" width=\"1024\" height=\"665\" src=\"https:\/\/www.radiomoradebre.cat\/wp\/wp-content\/uploads\/2025\/04\/f7b1c853-440f-4699-9130-84dbc17d87f2-1024x665.jpg\" alt=\"Helic\u00f2pter del SEM | ACN\" class=\"wp-image-56031\" srcset=\"https:\/\/www.radiomoradebre.cat\/wp\/wp-content\/uploads\/2025\/04\/f7b1c853-440f-4699-9130-84dbc17d87f2-1024x665.jpg 1024w, https:\/\/www.radiomoradebre.cat\/wp\/wp-content\/uploads\/2025\/04\/f7b1c853-440f-4699-9130-84dbc17d87f2-300x195.jpg 300w, https:\/\/www.radiomoradebre.cat\/wp\/wp-content\/uploads\/2025\/04\/f7b1c853-440f-4699-9130-84dbc17d87f2-768x499.jpg 768w, https:\/\/www.radiomoradebre.cat\/wp\/wp-content\/uploads\/2025\/04\/f7b1c853-440f-4699-9130-84dbc17d87f2-1536x998.jpg 1536w, https:\/\/www.radiomoradebre.cat\/wp\/wp-content\/uploads\/2025\/04\/f7b1c853-440f-4699-9130-84dbc17d87f2-2048x1330.jpg 2048w\" sizes=\"auto, (max-width: 1024px) 100vw, 1024px\" \/><\/a><figcaption class=\"wp-element-caption\">Helic\u00f2pter del SEM | ACN<\/figcaption><\/figure>\n","protected":false},"excerpt":{"rendered":"<p>Aquesta passada setmana s&#8217;ha viscut una reuni\u00f3 entre l&#8217;Associaci\u00f3 de Ve\u00efns afectats per l&#8217;Heliport i els diferents agents per l&#8217;elecci\u00f3 del terreny indicat per a ubicar-se a M\u00f3ra d&#8217;Ebre com s\u00f3n el consistori, Salut, Territori, l&#8217;Hospital Comarcal o el Sistema &hellip; <a href=\"https:\/\/www.radiomoradebre.cat\/wp\/2025\/04\/07\/entrevista-amb-ester-argany-portaveu-de-lassociacio-de-veins-afectats-per-lheliport\/\">Continue reading <span class=\"meta-nav\">&rarr;<\/span><\/a><\/p>\n","protected":false},"author":3,"featured_media":0,"comment_status":"closed","ping_status":"open","sticky":false,"template":"","format":"standard","meta":{"footnotes":""},"categories":[12,8],"tags":[33452,20311,34,33312,882,2451,1750],"class_list":["post-56024","post","type-post","status-publish","format-standard","hentry","category-horamoradebre","category-programes","tag-ester-argany","tag-heliport-mora-debre","tag-hospital-comarcal-de-mora-debre","tag-nou-heliport-mora-debre","tag-salut","tag-sem","tag-territori"],"_links":{"self":[{"href":"https:\/\/www.radiomoradebre.cat\/wp\/wp-json\/wp\/v2\/posts\/56024","targetHints":{"allow":["GET"]}}],"collection":[{"href":"https:\/\/www.radiomoradebre.cat\/wp\/wp-json\/wp\/v2\/posts"}],"about":[{"href":"https:\/\/www.radiomoradebre.cat\/wp\/wp-json\/wp\/v2\/types\/post"}],"author":[{"embeddable":true,"href":"https:\/\/www.radiomoradebre.cat\/wp\/wp-json\/wp\/v2\/users\/3"}],"replies":[{"embeddable":true,"href":"https:\/\/www.radiomoradebre.cat\/wp\/wp-json\/wp\/v2\/comments?post=56024"}],"version-history":[{"count":1,"href":"https:\/\/www.radiomoradebre.cat\/wp\/wp-json\/wp\/v2\/posts\/56024\/revisions"}],"predecessor-version":[{"id":56032,"href":"https:\/\/www.radiomoradebre.cat\/wp\/wp-json\/wp\/v2\/posts\/56024\/revisions\/56032"}],"wp:attachment":[{"href":"https:\/\/www.radiomoradebre.cat\/wp\/wp-json\/wp\/v2\/media?parent=56024"}],"wp:term":[{"taxonomy":"category","embeddable":true,"href":"https:\/\/www.radiomoradebre.cat\/wp\/wp-json\/wp\/v2\/categories?post=56024"},{"taxonomy":"post_tag","embeddable":true,"href":"https:\/\/www.radiomoradebre.cat\/wp\/wp-json\/wp\/v2\/tags?post=56024"}],"curies":[{"name":"wp","href":"https:\/\/api.w.org\/{rel}","templated":true}]}}