
{"id":55940,"date":"2025-03-26T14:09:16","date_gmt":"2025-03-26T13:09:16","guid":{"rendered":"https:\/\/www.radiomoradebre.cat\/wp\/?p=55940"},"modified":"2025-03-26T14:09:16","modified_gmt":"2025-03-26T13:09:16","slug":"fil-directe-amb-ruben-biarnes-alcalde-de-mora-debre-marc-2025","status":"publish","type":"post","link":"https:\/\/www.radiomoradebre.cat\/wp\/2025\/03\/26\/fil-directe-amb-ruben-biarnes-alcalde-de-mora-debre-marc-2025\/","title":{"rendered":"FIL DIRECTE amb Rub\u00e9n Biarn\u00e9s, alcalde de M\u00f3ra d\u2019Ebre \u2013 Mar\u00e7 2025"},"content":{"rendered":"\n<p><strong><em>L\u2019alcalde de M\u00f3ra d\u2019Ebre, Rub\u00e9n Biarn\u00e9s, ha passat pel Fil Directe per parlar-nos de l\u2019actualitat municipal. Ens ha parlat de l&#8217;actualitat al voltant de l&#8217;heliport; els resultats i accions al voltant de la marxa explorat\u00f2ria de M\u00f3ra d&#8217;Ebre; la situaci\u00f3 de l&#8217;Atenci\u00f3 Prim\u00e0ria a l&#8217;EAP; o la licitaci\u00f3 de Lo Xiringuito del Passeig; i molt m\u00e9s.<\/em><\/strong><\/p>\n\n\n\n<figure class=\"wp-block-audio\"><audio controls src=\"https:\/\/www.radiomoradebre.cat\/wp\/wp-content\/uploads\/2025\/03\/FIL-DIRECTE-BIARNES-26-03-25.mp3\"><\/audio><\/figure>\n\n\n\n<figure class=\"wp-block-image size-large\"><a href=\"https:\/\/www.radiomoradebre.cat\/wp\/wp-content\/uploads\/2025\/03\/20250326_100415-scaled.jpg\"><img loading=\"lazy\" decoding=\"async\" width=\"768\" height=\"1024\" src=\"https:\/\/www.radiomoradebre.cat\/wp\/wp-content\/uploads\/2025\/03\/20250326_100415-768x1024.jpg\" alt=\"\" class=\"wp-image-55942\" srcset=\"https:\/\/www.radiomoradebre.cat\/wp\/wp-content\/uploads\/2025\/03\/20250326_100415-768x1024.jpg 768w, https:\/\/www.radiomoradebre.cat\/wp\/wp-content\/uploads\/2025\/03\/20250326_100415-225x300.jpg 225w, https:\/\/www.radiomoradebre.cat\/wp\/wp-content\/uploads\/2025\/03\/20250326_100415-1152x1536.jpg 1152w, https:\/\/www.radiomoradebre.cat\/wp\/wp-content\/uploads\/2025\/03\/20250326_100415-1536x2048.jpg 1536w, https:\/\/www.radiomoradebre.cat\/wp\/wp-content\/uploads\/2025\/03\/20250326_100415-scaled.jpg 1920w\" sizes=\"auto, (max-width: 768px) 100vw, 768px\" \/><\/a><\/figure>\n\n\n\n<p><audio src=\"https:\/\/www.radiomoradebre.cat\/wp\/wp-content\/uploads\/2025\/02\/FIL-DIRECTE-RUBEN-BIARNES-26-02-25.mp3\"><\/audio><\/p>\n","protected":false},"excerpt":{"rendered":"<p>L\u2019alcalde de M\u00f3ra d\u2019Ebre, Rub\u00e9n Biarn\u00e9s, ha passat pel Fil Directe per parlar-nos de l\u2019actualitat municipal. Ens ha parlat de l&#8217;actualitat al voltant de l&#8217;heliport; els resultats i accions al voltant de la marxa explorat\u00f2ria de M\u00f3ra d&#8217;Ebre; la situaci\u00f3 &hellip; <a href=\"https:\/\/www.radiomoradebre.cat\/wp\/2025\/03\/26\/fil-directe-amb-ruben-biarnes-alcalde-de-mora-debre-marc-2025\/\">Continue reading <span class=\"meta-nav\">&rarr;<\/span><\/a><\/p>\n","protected":false},"author":3,"featured_media":0,"comment_status":"closed","ping_status":"open","sticky":false,"template":"","format":"standard","meta":{"footnotes":""},"categories":[28529,8],"tags":[370,19466,33403,33426,20311,33428,33427,21962],"class_list":["post-55940","post","type-post","status-publish","format-standard","hentry","category-fil-directe","category-programes","tag-ajuntament-de-mora-debre","tag-atencio-primaria","tag-eap-mora-la-nova-mora-debre","tag-helicopter-mora-debre","tag-heliport-mora-debre","tag-lo-xiringuito-del-passeig","tag-marxa-exploratoria-mora-debre","tag-ruben-biarnes"],"_links":{"self":[{"href":"https:\/\/www.radiomoradebre.cat\/wp\/wp-json\/wp\/v2\/posts\/55940","targetHints":{"allow":["GET"]}}],"collection":[{"href":"https:\/\/www.radiomoradebre.cat\/wp\/wp-json\/wp\/v2\/posts"}],"about":[{"href":"https:\/\/www.radiomoradebre.cat\/wp\/wp-json\/wp\/v2\/types\/post"}],"author":[{"embeddable":true,"href":"https:\/\/www.radiomoradebre.cat\/wp\/wp-json\/wp\/v2\/users\/3"}],"replies":[{"embeddable":true,"href":"https:\/\/www.radiomoradebre.cat\/wp\/wp-json\/wp\/v2\/comments?post=55940"}],"version-history":[{"count":1,"href":"https:\/\/www.radiomoradebre.cat\/wp\/wp-json\/wp\/v2\/posts\/55940\/revisions"}],"predecessor-version":[{"id":55945,"href":"https:\/\/www.radiomoradebre.cat\/wp\/wp-json\/wp\/v2\/posts\/55940\/revisions\/55945"}],"wp:attachment":[{"href":"https:\/\/www.radiomoradebre.cat\/wp\/wp-json\/wp\/v2\/media?parent=55940"}],"wp:term":[{"taxonomy":"category","embeddable":true,"href":"https:\/\/www.radiomoradebre.cat\/wp\/wp-json\/wp\/v2\/categories?post=55940"},{"taxonomy":"post_tag","embeddable":true,"href":"https:\/\/www.radiomoradebre.cat\/wp\/wp-json\/wp\/v2\/tags?post=55940"}],"curies":[{"name":"wp","href":"https:\/\/api.w.org\/{rel}","templated":true}]}}