
{"id":55921,"date":"2025-03-25T13:18:23","date_gmt":"2025-03-25T12:18:23","guid":{"rendered":"https:\/\/www.radiomoradebre.cat\/wp\/?p=55921"},"modified":"2025-03-25T13:18:23","modified_gmt":"2025-03-25T12:18:23","slug":"el-gramofon-amb-joan-montana-programa-16-avicii","status":"publish","type":"post","link":"https:\/\/www.radiomoradebre.cat\/wp\/2025\/03\/25\/el-gramofon-amb-joan-montana-programa-16-avicii\/","title":{"rendered":"EL GRAM\u00d2FON amb Joan Monta\u00f1a | Programa 16: Avicii"},"content":{"rendered":"\n<p><strong><em>El Gram\u00f2fon gira un cop al mes per portar-vos les melodies m\u00e9s encisadores i les hist\u00f2ries m\u00e9s m\u00e0giques. Us obrim la finestra a la m\u00fasica del passat i el present amb Joan Monta\u00f1a, on avui ens porta una persona que va canviar el panorama de la m\u00fasica electr\u00f2nica: Avicii<\/em><\/strong>.<\/p>\n\n\n\n<figure class=\"wp-block-audio\"><audio controls src=\"https:\/\/www.radiomoradebre.cat\/wp\/wp-content\/uploads\/2025\/03\/GRAMOFON-AVICII-25-02-25.mp3\"><\/audio><\/figure>\n\n\n\n<figure class=\"wp-block-image size-large\"><a href=\"https:\/\/www.radiomoradebre.cat\/wp\/wp-content\/uploads\/2025\/03\/20250319_163025-scaled.jpg\"><img loading=\"lazy\" decoding=\"async\" width=\"768\" height=\"1024\" src=\"https:\/\/www.radiomoradebre.cat\/wp\/wp-content\/uploads\/2025\/03\/20250319_163025-768x1024.jpg\" alt=\"Joan Monta\u00f1a\" class=\"wp-image-55926\" srcset=\"https:\/\/www.radiomoradebre.cat\/wp\/wp-content\/uploads\/2025\/03\/20250319_163025-768x1024.jpg 768w, https:\/\/www.radiomoradebre.cat\/wp\/wp-content\/uploads\/2025\/03\/20250319_163025-225x300.jpg 225w, https:\/\/www.radiomoradebre.cat\/wp\/wp-content\/uploads\/2025\/03\/20250319_163025-1152x1536.jpg 1152w, https:\/\/www.radiomoradebre.cat\/wp\/wp-content\/uploads\/2025\/03\/20250319_163025-1536x2048.jpg 1536w, https:\/\/www.radiomoradebre.cat\/wp\/wp-content\/uploads\/2025\/03\/20250319_163025-scaled.jpg 1920w\" sizes=\"auto, (max-width: 768px) 100vw, 768px\" \/><\/a><figcaption class=\"wp-element-caption\">Joan Monta\u00f1a<\/figcaption><\/figure>\n\n\n\n<p><audio src=\"https:\/\/www.radiomoradebre.cat\/wp\/wp-content\/uploads\/2025\/02\/GRAMOFON-EDITH-PIAF-19-02-25.mp3\"><\/audio><\/p>\n","protected":false},"excerpt":{"rendered":"<p>El Gram\u00f2fon gira un cop al mes per portar-vos les melodies m\u00e9s encisadores i les hist\u00f2ries m\u00e9s m\u00e0giques. Us obrim la finestra a la m\u00fasica del passat i el present amb Joan Monta\u00f1a, on avui ens porta una persona que &hellip; <a href=\"https:\/\/www.radiomoradebre.cat\/wp\/2025\/03\/25\/el-gramofon-amb-joan-montana-programa-16-avicii\/\">Continue reading <span class=\"meta-nav\">&rarr;<\/span><\/a><\/p>\n","protected":false},"author":3,"featured_media":0,"comment_status":"closed","ping_status":"open","sticky":false,"template":"","format":"standard","meta":{"footnotes":""},"categories":[30602,8],"tags":[33414,30603,33416,7257,19930,33415],"class_list":["post-55921","post","type-post","status-publish","format-standard","hentry","category-el-gramofon","category-programes","tag-avicii","tag-el-gramofon","tag-house","tag-joan-montana","tag-musica-2","tag-tim-berling"],"_links":{"self":[{"href":"https:\/\/www.radiomoradebre.cat\/wp\/wp-json\/wp\/v2\/posts\/55921","targetHints":{"allow":["GET"]}}],"collection":[{"href":"https:\/\/www.radiomoradebre.cat\/wp\/wp-json\/wp\/v2\/posts"}],"about":[{"href":"https:\/\/www.radiomoradebre.cat\/wp\/wp-json\/wp\/v2\/types\/post"}],"author":[{"embeddable":true,"href":"https:\/\/www.radiomoradebre.cat\/wp\/wp-json\/wp\/v2\/users\/3"}],"replies":[{"embeddable":true,"href":"https:\/\/www.radiomoradebre.cat\/wp\/wp-json\/wp\/v2\/comments?post=55921"}],"version-history":[{"count":1,"href":"https:\/\/www.radiomoradebre.cat\/wp\/wp-json\/wp\/v2\/posts\/55921\/revisions"}],"predecessor-version":[{"id":55930,"href":"https:\/\/www.radiomoradebre.cat\/wp\/wp-json\/wp\/v2\/posts\/55921\/revisions\/55930"}],"wp:attachment":[{"href":"https:\/\/www.radiomoradebre.cat\/wp\/wp-json\/wp\/v2\/media?parent=55921"}],"wp:term":[{"taxonomy":"category","embeddable":true,"href":"https:\/\/www.radiomoradebre.cat\/wp\/wp-json\/wp\/v2\/categories?post=55921"},{"taxonomy":"post_tag","embeddable":true,"href":"https:\/\/www.radiomoradebre.cat\/wp\/wp-json\/wp\/v2\/tags?post=55921"}],"curies":[{"name":"wp","href":"https:\/\/api.w.org\/{rel}","templated":true}]}}