
{"id":55671,"date":"2025-02-25T14:03:30","date_gmt":"2025-02-25T13:03:30","guid":{"rendered":"https:\/\/www.radiomoradebre.cat\/wp\/?p=55671"},"modified":"2025-02-25T14:03:30","modified_gmt":"2025-02-25T13:03:30","slug":"linformatiu-de-lhora-mora-debre-amb-albert-fuertes-i-francesca-maurizi-25-02-25","status":"publish","type":"post","link":"https:\/\/www.radiomoradebre.cat\/wp\/2025\/02\/25\/linformatiu-de-lhora-mora-debre-amb-albert-fuertes-i-francesca-maurizi-25-02-25\/","title":{"rendered":"L\u2019INFORMATIU DE L\u2019HORA M\u00d3RA D\u2019EBRE amb Albert Fuertes i Francesca Maurizi (25-02-25)"},"content":{"rendered":"\n<p><strong>Les not\u00edcies d\u2019actualitat a les nostres comarques: La Ribera d\u2019Ebre, la Terra Alta i el Priorat i la previsi\u00f3 del temps amb l\u2019Enric Masip.<\/strong><\/p>\n\n\n\n<p><strong><em>Els titulars:<\/em><\/strong><\/p>\n\n\n\n<ul class=\"wp-block-list\">\n<li><strong>Gandesa celebra l&#8217;inici de les obres d&#8217;acc\u00e9s al Pol\u00edgon Industrial La Plana des de la C-43<\/strong><\/li>\n\n\n\n<li><strong>Asc\u00f3 instal\u00b7la una unitat m\u00f2bil per mesurar la qualitat de l&#8217;aire del municipi<\/strong><\/li>\n\n\n\n<li><strong>Miravet rebr\u00e0 propostes culturals de Palestina, Col\u00f2mbia i el Kurdistan amb la primera edici\u00f3 del Festival Incert<\/strong><\/li>\n\n\n\n<li><strong>La Guia Macarfi 2025 inclou 8 restaurants del Priorat i la Terra Alta entre les seues ressenyes<\/strong><\/li>\n\n\n\n<li><strong>Junts per Catalunya a les Terres de l&#8217;Ebre aposta per Laura Dom\u00e8nech com a gerent<\/strong><\/li>\n\n\n\n<li><strong>El PSC ebrenc defensa un pla per converitr el territori en un pol d&#8217;atracci\u00f3 &#8216;d&#8217;empreses d&#8217;alt valor<\/strong><\/li>\n\n\n\n<li><strong>Les Terres de l&#8217;Ebre oferiran estudis universitaris d&#8217;odontologia a partir del curs 2026-2027<\/strong><\/li>\n<\/ul>\n\n\n\n<figure class=\"wp-block-audio\"><audio controls src=\"https:\/\/www.radiomoradebre.cat\/wp\/wp-content\/uploads\/2025\/02\/INFORMATIU-25-02-25.mp3\"><\/audio><\/figure>\n\n\n\n<figure class=\"wp-block-image size-full\"><a href=\"https:\/\/www.radiomoradebre.cat\/wp\/wp-content\/uploads\/2023\/10\/5.jpg\"><img loading=\"lazy\" decoding=\"async\" width=\"940\" height=\"788\" src=\"https:\/\/www.radiomoradebre.cat\/wp\/wp-content\/uploads\/2023\/10\/5.jpg\" alt=\"\" class=\"wp-image-51049\" srcset=\"https:\/\/www.radiomoradebre.cat\/wp\/wp-content\/uploads\/2023\/10\/5.jpg 940w, https:\/\/www.radiomoradebre.cat\/wp\/wp-content\/uploads\/2023\/10\/5-300x251.jpg 300w, https:\/\/www.radiomoradebre.cat\/wp\/wp-content\/uploads\/2023\/10\/5-768x644.jpg 768w\" sizes=\"auto, (max-width: 940px) 100vw, 940px\" \/><\/a><\/figure>\n\n\n\n<p><audio src=\"https:\/\/www.radiomoradebre.cat\/wp\/wp-content\/uploads\/2025\/02\/INFORMATIUS-24-02-25.mp3\"><\/audio><\/p>\n","protected":false},"excerpt":{"rendered":"<p>Les not\u00edcies d\u2019actualitat a les nostres comarques: La Ribera d\u2019Ebre, la Terra Alta i el Priorat i la previsi\u00f3 del temps amb l\u2019Enric Masip. Els titulars:<\/p>\n","protected":false},"author":3,"featured_media":0,"comment_status":"closed","ping_status":"open","sticky":false,"template":"","format":"standard","meta":{"footnotes":""},"categories":[12,16,2,8],"tags":[69,5146,1019,33287,197,33288,13734,28426,30127,147,419,33289,11765,247,7272,270,337],"class_list":["post-55671","post","type-post","status-publish","format-standard","hentry","category-horamoradebre","category-informatius","category-noticies","category-programes","tag-asco","tag-c-43","tag-estudis","tag-festival-incert","tag-gandesa","tag-guia-macarfi","tag-junts-per-catalunya","tag-linformatiu-de-lhora-mora-debre","tag-laura-domenech","tag-miravet","tag-obres","tag-odontologia","tag-poligon-industrial-la-plana","tag-psc","tag-qualitat-de-laire","tag-terres-de-lebre","tag-urv"],"_links":{"self":[{"href":"https:\/\/www.radiomoradebre.cat\/wp\/wp-json\/wp\/v2\/posts\/55671","targetHints":{"allow":["GET"]}}],"collection":[{"href":"https:\/\/www.radiomoradebre.cat\/wp\/wp-json\/wp\/v2\/posts"}],"about":[{"href":"https:\/\/www.radiomoradebre.cat\/wp\/wp-json\/wp\/v2\/types\/post"}],"author":[{"embeddable":true,"href":"https:\/\/www.radiomoradebre.cat\/wp\/wp-json\/wp\/v2\/users\/3"}],"replies":[{"embeddable":true,"href":"https:\/\/www.radiomoradebre.cat\/wp\/wp-json\/wp\/v2\/comments?post=55671"}],"version-history":[{"count":1,"href":"https:\/\/www.radiomoradebre.cat\/wp\/wp-json\/wp\/v2\/posts\/55671\/revisions"}],"predecessor-version":[{"id":55675,"href":"https:\/\/www.radiomoradebre.cat\/wp\/wp-json\/wp\/v2\/posts\/55671\/revisions\/55675"}],"wp:attachment":[{"href":"https:\/\/www.radiomoradebre.cat\/wp\/wp-json\/wp\/v2\/media?parent=55671"}],"wp:term":[{"taxonomy":"category","embeddable":true,"href":"https:\/\/www.radiomoradebre.cat\/wp\/wp-json\/wp\/v2\/categories?post=55671"},{"taxonomy":"post_tag","embeddable":true,"href":"https:\/\/www.radiomoradebre.cat\/wp\/wp-json\/wp\/v2\/tags?post=55671"}],"curies":[{"name":"wp","href":"https:\/\/api.w.org\/{rel}","templated":true}]}}