
{"id":54696,"date":"2024-11-12T12:54:05","date_gmt":"2024-11-12T11:54:05","guid":{"rendered":"https:\/\/www.radiomoradebre.cat\/wp\/?p=54696"},"modified":"2024-11-12T12:54:06","modified_gmt":"2024-11-12T11:54:06","slug":"la-prestatgeria-amb-eduard-font-de-la-biblioteca-de-mora-la-nova-12","status":"publish","type":"post","link":"https:\/\/www.radiomoradebre.cat\/wp\/2024\/11\/12\/la-prestatgeria-amb-eduard-font-de-la-biblioteca-de-mora-la-nova-12\/","title":{"rendered":"LA PRESTATGERIA amb Eduard Font, de la Biblioteca de M\u00f3ra la Nova"},"content":{"rendered":"\n<p><strong><em>L\u2019Eduard Font, de la Biblioteca de M\u00f3ra la Nova, ens recomana un nou llibre i ens explica la programaci\u00f3 de la biblioteca, a m\u00e9s d\u2019altres novetats i curiositats liter\u00e0ries.<\/em><\/strong>&nbsp;<strong><em>Cada dimarts, a partir de les 12h del migdia, omplim La Prestatgeria!<\/em><\/strong><\/p>\n\n\n\n<p><strong><em>Avui incorporem a la prestatgeria l\u2019escriptor <strong><em>David Jes\u00fas Mart\u00ed Mart\u00ednez<\/em><\/strong><\/em><strong> <\/strong>amb el seu llibre\u00a0<em>\u201c<\/em><\/strong><strong><em>Les dones que abra\u00e7aven els arbres<\/em><\/strong>&#8220;.<\/p>\n\n\n\n<figure class=\"wp-block-audio\"><audio controls src=\"https:\/\/www.radiomoradebre.cat\/wp\/wp-content\/uploads\/2024\/11\/LAPRESTATGERIA12-11-24.mp3\"><\/audio><\/figure>\n\n\n\n<figure class=\"wp-block-image size-large\"><a href=\"https:\/\/www.radiomoradebre.cat\/wp\/wp-content\/uploads\/2024\/11\/WhatsApp-Image-2024-11-12-at-12.52.44.jpeg\"><img loading=\"lazy\" decoding=\"async\" width=\"797\" height=\"1024\" src=\"https:\/\/www.radiomoradebre.cat\/wp\/wp-content\/uploads\/2024\/11\/WhatsApp-Image-2024-11-12-at-12.52.44-797x1024.jpeg\" alt=\"\" class=\"wp-image-54698\" srcset=\"https:\/\/www.radiomoradebre.cat\/wp\/wp-content\/uploads\/2024\/11\/WhatsApp-Image-2024-11-12-at-12.52.44-797x1024.jpeg 797w, https:\/\/www.radiomoradebre.cat\/wp\/wp-content\/uploads\/2024\/11\/WhatsApp-Image-2024-11-12-at-12.52.44-234x300.jpeg 234w, https:\/\/www.radiomoradebre.cat\/wp\/wp-content\/uploads\/2024\/11\/WhatsApp-Image-2024-11-12-at-12.52.44-768x986.jpeg 768w, https:\/\/www.radiomoradebre.cat\/wp\/wp-content\/uploads\/2024\/11\/WhatsApp-Image-2024-11-12-at-12.52.44-1196x1536.jpeg 1196w, https:\/\/www.radiomoradebre.cat\/wp\/wp-content\/uploads\/2024\/11\/WhatsApp-Image-2024-11-12-at-12.52.44.jpeg 1246w\" sizes=\"auto, (max-width: 797px) 100vw, 797px\" \/><\/a><\/figure>\n","protected":false},"excerpt":{"rendered":"<p>L\u2019Eduard Font, de la Biblioteca de M\u00f3ra la Nova, ens recomana un nou llibre i ens explica la programaci\u00f3 de la biblioteca, a m\u00e9s d\u2019altres novetats i curiositats liter\u00e0ries.&nbsp;Cada dimarts, a partir de les 12h del migdia, omplim La Prestatgeria! &hellip; <a href=\"https:\/\/www.radiomoradebre.cat\/wp\/2024\/11\/12\/la-prestatgeria-amb-eduard-font-de-la-biblioteca-de-mora-la-nova-12\/\">Continue reading <span class=\"meta-nav\">&rarr;<\/span><\/a><\/p>\n","protected":false},"author":3,"featured_media":0,"comment_status":"closed","ping_status":"open","sticky":false,"template":"","format":"standard","meta":{"footnotes":""},"categories":[30567,8],"tags":[32863,3715,3800,28237,30444],"class_list":["post-54696","post","type-post","status-publish","format-standard","hentry","category-la-prestatgeria","category-programes","tag-les-dones-que-abracaven-els-arbres","tag-biblioteca-de-mora-la-nova","tag-david-marti","tag-eduard-font","tag-la-prestatgeria"],"_links":{"self":[{"href":"https:\/\/www.radiomoradebre.cat\/wp\/wp-json\/wp\/v2\/posts\/54696","targetHints":{"allow":["GET"]}}],"collection":[{"href":"https:\/\/www.radiomoradebre.cat\/wp\/wp-json\/wp\/v2\/posts"}],"about":[{"href":"https:\/\/www.radiomoradebre.cat\/wp\/wp-json\/wp\/v2\/types\/post"}],"author":[{"embeddable":true,"href":"https:\/\/www.radiomoradebre.cat\/wp\/wp-json\/wp\/v2\/users\/3"}],"replies":[{"embeddable":true,"href":"https:\/\/www.radiomoradebre.cat\/wp\/wp-json\/wp\/v2\/comments?post=54696"}],"version-history":[{"count":1,"href":"https:\/\/www.radiomoradebre.cat\/wp\/wp-json\/wp\/v2\/posts\/54696\/revisions"}],"predecessor-version":[{"id":54699,"href":"https:\/\/www.radiomoradebre.cat\/wp\/wp-json\/wp\/v2\/posts\/54696\/revisions\/54699"}],"wp:attachment":[{"href":"https:\/\/www.radiomoradebre.cat\/wp\/wp-json\/wp\/v2\/media?parent=54696"}],"wp:term":[{"taxonomy":"category","embeddable":true,"href":"https:\/\/www.radiomoradebre.cat\/wp\/wp-json\/wp\/v2\/categories?post=54696"},{"taxonomy":"post_tag","embeddable":true,"href":"https:\/\/www.radiomoradebre.cat\/wp\/wp-json\/wp\/v2\/tags?post=54696"}],"curies":[{"name":"wp","href":"https:\/\/api.w.org\/{rel}","templated":true}]}}