
{"id":54672,"date":"2024-11-11T10:54:05","date_gmt":"2024-11-11T09:54:05","guid":{"rendered":"https:\/\/www.radiomoradebre.cat\/wp\/?p=54672"},"modified":"2024-11-11T10:54:06","modified_gmt":"2024-11-11T09:54:06","slug":"linformatiu-de-lhora-mora-debre-amb-albert-fuertes-i-lara-montalbo-11-11-24","status":"publish","type":"post","link":"https:\/\/www.radiomoradebre.cat\/wp\/2024\/11\/11\/linformatiu-de-lhora-mora-debre-amb-albert-fuertes-i-lara-montalbo-11-11-24\/","title":{"rendered":"L\u2019INFORMATIU DE L\u2019HORA M\u00d3RA D\u2019EBRE amb Albert Fuertes i Lara Montalbo (11-11-24)"},"content":{"rendered":"\n<p><strong>Les not\u00edcies d\u2019actualitat a les nostres comarques: La Ribera d\u2019Ebre, la Terra Alta i el Priorat i la previsi\u00f3 del temps amb l\u2019Enric Masip.<\/strong><\/p>\n\n\n\n<p><strong><em>Els titulars:<\/em><\/strong><\/p>\n\n\n\n<ul class=\"wp-block-list\">\n<li><strong>M\u00f3ra d\u2019Ebre dona suport a l\u2019ampliaci\u00f3 de la llar-resid\u00e8ncia de la Fundaci\u00f3 Privada AJEM<\/strong><\/li>\n\n\n\n<li><strong>Reivindiquen el valor arquitect\u00f2nic de l\u2019antic Institut Laboral de M\u00f3ra d\u2019Ebre amb la col\u00b7locaci\u00f3 de la placa Docomomo Ib\u00e9rico<\/strong><\/li>\n\n\n\n<li><strong>M\u00f3ra la Nova inaugura els nous vestidors de l\u2019estadi municipal Antoni Mateu<\/strong><\/li>\n\n\n\n<li><strong>El Centre d\u2019Estudis de la Ribera d\u2019Ebre guanya el Premi BBVA de l\u2019Associacionisme Cultural Catal\u00e0<\/strong><\/li>\n\n\n\n<li><strong>Falset arranja el cam\u00ed de l\u2019Euterpe per millorar l\u2019acc\u00e9s al nucli antic<\/strong><\/li>\n\n\n\n<li><strong>Abel Peralta i Sandra Burgu\u00e9s, guanyadors absoluts de la Cursa Cam\u00ed de Sirga de M\u00f3ra d\u2019Ebre<\/strong><\/li>\n\n\n\n<li><strong>El bate\u00e0 \u00c0dam Maij\u00f3 guanya la Cursa de Bombers de Barcelona<br><\/strong><\/li>\n<\/ul>\n\n\n\n<figure class=\"wp-block-audio\"><audio controls src=\"https:\/\/www.radiomoradebre.cat\/wp\/wp-content\/uploads\/2024\/11\/INFORMATIUS-11-11-24.mp3\"><\/audio><\/figure>\n\n\n\n<figure class=\"wp-block-image size-full\"><a href=\"https:\/\/www.radiomoradebre.cat\/wp\/wp-content\/uploads\/2023\/10\/4.jpg\"><img loading=\"lazy\" decoding=\"async\" width=\"940\" height=\"788\" src=\"https:\/\/www.radiomoradebre.cat\/wp\/wp-content\/uploads\/2023\/10\/4.jpg\" alt=\"\" class=\"wp-image-51048\" srcset=\"https:\/\/www.radiomoradebre.cat\/wp\/wp-content\/uploads\/2023\/10\/4.jpg 940w, https:\/\/www.radiomoradebre.cat\/wp\/wp-content\/uploads\/2023\/10\/4-300x251.jpg 300w, https:\/\/www.radiomoradebre.cat\/wp\/wp-content\/uploads\/2023\/10\/4-768x644.jpg 768w\" sizes=\"auto, (max-width: 940px) 100vw, 940px\" \/><\/a><\/figure>\n","protected":false},"excerpt":{"rendered":"<p>Les not\u00edcies d\u2019actualitat a les nostres comarques: La Ribera d\u2019Ebre, la Terra Alta i el Priorat i la previsi\u00f3 del temps amb l\u2019Enric Masip. Els titulars:<\/p>\n","protected":false},"author":3,"featured_media":0,"comment_status":"closed","ping_status":"open","sticky":false,"template":"","format":"standard","meta":{"footnotes":""},"categories":[12,16,2,8],"tags":[30556,12040,32851,32854,2721,967,13320,190,32852,21,32850,28426,32849,57,83,32853,12910,30599],"class_list":["post-54672","post","type-post","status-publish","format-standard","hentry","category-horamoradebre","category-informatius","category-noticies","category-programes","tag-abel-peralta","tag-adam-maijo","tag-arquivolta","tag-cami-de-leuterpe","tag-centre-destudis-de-la-ribera-debre","tag-cere","tag-cursa-cami-de-sirga","tag-diputacio-de-tarragona","tag-docomomo-iberico","tag-falset","tag-fundacio-privada-ajem","tag-linformatiu-de-lhora-mora-debre","tag-llar-residencia","tag-mora-debre","tag-mora-la-nova","tag-premi-bbva-de-lassociacionisme-cultural-catala","tag-sandra-burgues","tag-vestidors"],"_links":{"self":[{"href":"https:\/\/www.radiomoradebre.cat\/wp\/wp-json\/wp\/v2\/posts\/54672","targetHints":{"allow":["GET"]}}],"collection":[{"href":"https:\/\/www.radiomoradebre.cat\/wp\/wp-json\/wp\/v2\/posts"}],"about":[{"href":"https:\/\/www.radiomoradebre.cat\/wp\/wp-json\/wp\/v2\/types\/post"}],"author":[{"embeddable":true,"href":"https:\/\/www.radiomoradebre.cat\/wp\/wp-json\/wp\/v2\/users\/3"}],"replies":[{"embeddable":true,"href":"https:\/\/www.radiomoradebre.cat\/wp\/wp-json\/wp\/v2\/comments?post=54672"}],"version-history":[{"count":1,"href":"https:\/\/www.radiomoradebre.cat\/wp\/wp-json\/wp\/v2\/posts\/54672\/revisions"}],"predecessor-version":[{"id":54674,"href":"https:\/\/www.radiomoradebre.cat\/wp\/wp-json\/wp\/v2\/posts\/54672\/revisions\/54674"}],"wp:attachment":[{"href":"https:\/\/www.radiomoradebre.cat\/wp\/wp-json\/wp\/v2\/media?parent=54672"}],"wp:term":[{"taxonomy":"category","embeddable":true,"href":"https:\/\/www.radiomoradebre.cat\/wp\/wp-json\/wp\/v2\/categories?post=54672"},{"taxonomy":"post_tag","embeddable":true,"href":"https:\/\/www.radiomoradebre.cat\/wp\/wp-json\/wp\/v2\/tags?post=54672"}],"curies":[{"name":"wp","href":"https:\/\/api.w.org\/{rel}","templated":true}]}}