
{"id":54637,"date":"2024-11-06T13:00:24","date_gmt":"2024-11-06T12:00:24","guid":{"rendered":"https:\/\/www.radiomoradebre.cat\/wp\/?p=54637"},"modified":"2024-11-06T13:23:25","modified_gmt":"2024-11-06T12:23:25","slug":"cinema-amb-laureli-villalbi-06-11-24","status":"publish","type":"post","link":"https:\/\/www.radiomoradebre.cat\/wp\/2024\/11\/06\/cinema-amb-laureli-villalbi-06-11-24\/","title":{"rendered":"CINEMA amb l\u2019Aureli Villalb\u00ed (06-11-24)"},"content":{"rendered":"\n<p><strong>Parlem de les novetats de les cartelleres, not\u00edcies, curiositats i recomanacions.<\/strong><\/p>\n\n\n\n<ul class=\"wp-block-list\">\n<li><strong><em>La sorpresa de la setmana:<\/em><\/strong>\u00a0El caso Abel Trem<\/li>\n\n\n\n<li><strong><em>No has de veure si\u2026\u00a0<\/em><\/strong>Anatema<\/li>\n\n\n\n<li><strong><em>Una de fora:<\/em><\/strong>\u00a0Hollywood Gate<\/li>\n\n\n\n<li><strong><em>La recomanaci\u00f3 de l\u2019Aureli:<\/em><\/strong>\u00a0No other land<\/li>\n\n\n\n<li><strong><em>Aquesta setmana susp\u00e8n:<\/em><\/strong>\u00a0Red One<\/li>\n\n\n\n<li><strong><em>Els de la r\u00e0dio salvem:<\/em><\/strong>\u00a0El m\u00e9todo Knox<\/li>\n<\/ul>\n\n\n\n<p><strong>A m\u00e9s de la classificaci\u00f3 setmanal, l\u2019Aureli ens hem posat al dia amb les novetats del m\u00f3n del cinema<\/strong>:<br>Ens parla del premis repartits a <strong>l&#8217;Asian Film Festival Barcelona<\/strong> i tamb\u00e9 ens explica algunes de les pel\u00b7l\u00edcules m\u00e9s destacades que s\u2019hi poden trobar en el <strong>43\u00e8 Festival de Cine de Terror de Molins de Rei<\/strong> que comen\u00e7a aquest 8 de novembre.<\/p>\n\n\n\n<figure class=\"wp-block-audio\"><audio controls src=\"https:\/\/www.radiomoradebre.cat\/wp\/wp-content\/uploads\/2024\/11\/CINEMA-6-11-24.mp3\"><\/audio><\/figure>\n\n\n\n<figure class=\"wp-block-image size-large\"><a href=\"https:\/\/www.radiomoradebre.cat\/wp\/wp-content\/uploads\/2024\/06\/aureli-villalbi.jpeg\"><img loading=\"lazy\" decoding=\"async\" width=\"768\" height=\"1024\" src=\"https:\/\/www.radiomoradebre.cat\/wp\/wp-content\/uploads\/2024\/06\/aureli-villalbi-768x1024.jpeg\" alt=\"Aureli Villalb\u00ed, cinema\" class=\"wp-image-53451\" srcset=\"https:\/\/www.radiomoradebre.cat\/wp\/wp-content\/uploads\/2024\/06\/aureli-villalbi-768x1024.jpeg 768w, https:\/\/www.radiomoradebre.cat\/wp\/wp-content\/uploads\/2024\/06\/aureli-villalbi-225x300.jpeg 225w, https:\/\/www.radiomoradebre.cat\/wp\/wp-content\/uploads\/2024\/06\/aureli-villalbi-1152x1536.jpeg 1152w, https:\/\/www.radiomoradebre.cat\/wp\/wp-content\/uploads\/2024\/06\/aureli-villalbi-1536x2048.jpeg 1536w, https:\/\/www.radiomoradebre.cat\/wp\/wp-content\/uploads\/2024\/06\/aureli-villalbi.jpeg 1920w\" sizes=\"auto, (max-width: 768px) 100vw, 768px\" \/><\/a><figcaption class=\"wp-element-caption\">Aureli Villalb\u00ed, cinema<\/figcaption><\/figure>\n","protected":false},"excerpt":{"rendered":"<p>Parlem de les novetats de les cartelleres, not\u00edcies, curiositats i recomanacions. A m\u00e9s de la classificaci\u00f3 setmanal, l\u2019Aureli ens hem posat al dia amb les novetats del m\u00f3n del cinema:Ens parla del premis repartits a l&#8217;Asian Film Festival Barcelona i &hellip; <a href=\"https:\/\/www.radiomoradebre.cat\/wp\/2024\/11\/06\/cinema-amb-laureli-villalbi-06-11-24\/\">Continue reading <span class=\"meta-nav\">&rarr;<\/span><\/a><\/p>\n","protected":false},"author":3,"featured_media":0,"comment_status":"closed","ping_status":"open","sticky":false,"template":"","format":"standard","meta":{"footnotes":""},"categories":[28528,8],"tags":[32813,12044,2152,4593,32814],"class_list":["post-54637","post","type-post","status-publish","format-standard","hentry","category-cinema","category-programes","tag-asian-film-festival-barcelona","tag-aureli-villabi","tag-cinema","tag-estrenes","tag-terror-molins-festival"],"_links":{"self":[{"href":"https:\/\/www.radiomoradebre.cat\/wp\/wp-json\/wp\/v2\/posts\/54637","targetHints":{"allow":["GET"]}}],"collection":[{"href":"https:\/\/www.radiomoradebre.cat\/wp\/wp-json\/wp\/v2\/posts"}],"about":[{"href":"https:\/\/www.radiomoradebre.cat\/wp\/wp-json\/wp\/v2\/types\/post"}],"author":[{"embeddable":true,"href":"https:\/\/www.radiomoradebre.cat\/wp\/wp-json\/wp\/v2\/users\/3"}],"replies":[{"embeddable":true,"href":"https:\/\/www.radiomoradebre.cat\/wp\/wp-json\/wp\/v2\/comments?post=54637"}],"version-history":[{"count":1,"href":"https:\/\/www.radiomoradebre.cat\/wp\/wp-json\/wp\/v2\/posts\/54637\/revisions"}],"predecessor-version":[{"id":54639,"href":"https:\/\/www.radiomoradebre.cat\/wp\/wp-json\/wp\/v2\/posts\/54637\/revisions\/54639"}],"wp:attachment":[{"href":"https:\/\/www.radiomoradebre.cat\/wp\/wp-json\/wp\/v2\/media?parent=54637"}],"wp:term":[{"taxonomy":"category","embeddable":true,"href":"https:\/\/www.radiomoradebre.cat\/wp\/wp-json\/wp\/v2\/categories?post=54637"},{"taxonomy":"post_tag","embeddable":true,"href":"https:\/\/www.radiomoradebre.cat\/wp\/wp-json\/wp\/v2\/tags?post=54637"}],"curies":[{"name":"wp","href":"https:\/\/api.w.org\/{rel}","templated":true}]}}