
{"id":54351,"date":"2024-10-09T10:56:35","date_gmt":"2024-10-09T08:56:35","guid":{"rendered":"https:\/\/www.radiomoradebre.cat\/wp\/?p=54351"},"modified":"2024-10-09T10:56:36","modified_gmt":"2024-10-09T08:56:36","slug":"linformatiu-de-lhora-mora-debre-amb-albert-fuertes-i-lara-montalbo-9-10-24","status":"publish","type":"post","link":"https:\/\/www.radiomoradebre.cat\/wp\/2024\/10\/09\/linformatiu-de-lhora-mora-debre-amb-albert-fuertes-i-lara-montalbo-9-10-24\/","title":{"rendered":"L\u2019INFORMATIU DE L\u2019HORA M\u00d3RA D\u2019EBRE amb Albert Fuertes i Lara Montalbo (9-10-24)"},"content":{"rendered":"\n<p><strong>Les not\u00edcies d\u2019actualitat a les nostres comarques: La Ribera d\u2019Ebre, la Terra Alta i el Priorat i la previsi\u00f3 del temps amb l\u2019Enric Masip.<\/strong><\/p>\n\n\n\n<p><strong><em>Els titulars:<\/em><\/strong><\/p>\n\n\n\n<ul class=\"wp-block-list\">\n<li><strong>Denunciat un conductor de patinet el\u00e8ctric per circular sota els efectes de l&#8217;alcohol entre M\u00f3ra d&#8217;Ebre i M\u00f3ra la Nova<\/strong><\/li>\n\n\n\n<li><strong>El CERE celebra el primer Dia de les Dones Rurals de la Ribera d&#8217;Ebre a Tivissa<\/strong><\/li>\n\n\n\n<li><strong>M\u00f3ra d&#8217;Ebre celebra un cap de setmana dedicat al Patrimoni<\/strong><\/li>\n\n\n\n<li><strong>Asc\u00f3 celebra este 12 d&#8217;octubre la XV Jornada d&#8217;Estudis Locals i Territorials Carmel Biarn\u00e9s dedicada als c\u00e0tars<\/strong><\/li>\n\n\n\n<li><strong>Illa anuncia 50.000 pisos p\u00fablics fins al 2030 i la inversi\u00f3 de 1.100 MEUR anuals en pol\u00edtiques d&#8217;habitatge<\/strong><\/li>\n\n\n\n<li><strong>El Consell de Ministres aprova tramitar d&#8217;urg\u00e8ncia una transfer\u00e8ncia de 96,9 MEUR per a Rodalies<\/strong><\/li>\n\n\n\n<li><strong>Sanitat demana una alian\u00e7a amb comunitats i universitats per formar m\u00e9s professionals i enfortir el sistema de salut<\/strong><\/li>\n<\/ul>\n\n\n\n<figure class=\"wp-block-audio\"><audio controls src=\"https:\/\/www.radiomoradebre.cat\/wp\/wp-content\/uploads\/2024\/10\/INFORMATIUS-9-10-24.mp3\"><\/audio><\/figure>\n\n\n\n<figure class=\"wp-block-image size-full\"><a href=\"https:\/\/www.radiomoradebre.cat\/wp\/wp-content\/uploads\/2023\/10\/4.jpg\"><img loading=\"lazy\" decoding=\"async\" width=\"940\" height=\"788\" src=\"https:\/\/www.radiomoradebre.cat\/wp\/wp-content\/uploads\/2023\/10\/4.jpg\" alt=\"\" class=\"wp-image-51048\" srcset=\"https:\/\/www.radiomoradebre.cat\/wp\/wp-content\/uploads\/2023\/10\/4.jpg 940w, https:\/\/www.radiomoradebre.cat\/wp\/wp-content\/uploads\/2023\/10\/4-300x251.jpg 300w, https:\/\/www.radiomoradebre.cat\/wp\/wp-content\/uploads\/2023\/10\/4-768x644.jpg 768w\" sizes=\"auto, (max-width: 940px) 100vw, 940px\" \/><\/a><\/figure>\n\n\n\n<p><audio src=\"https:\/\/www.radiomoradebre.cat\/wp\/wp-content\/uploads\/2024\/10\/INFORMATIUS-8-10-24.mp3\"><\/audio><\/p>\n","protected":false},"excerpt":{"rendered":"<p>Les not\u00edcies d\u2019actualitat a les nostres comarques: La Ribera d\u2019Ebre, la Terra Alta i el Priorat i la previsi\u00f3 del temps amb l\u2019Enric Masip. Els titulars:<\/p>\n","protected":false},"author":3,"featured_media":0,"comment_status":"closed","ping_status":"open","sticky":false,"template":"","format":"standard","meta":{"footnotes":""},"categories":[12,16,2,8],"tags":[3773,31076,69,32692,967,5139,1524,28426,24194,57,226,32689,29176,32693,32690,2865,13963,329,32691],"class_list":["post-54351","post","type-post","status-publish","format-standard","hentry","category-horamoradebre","category-informatius","category-noticies","category-programes","tag-ajuntament-de-tivissa","tag-alcoholemia","tag-asco","tag-catars","tag-cere","tag-consell-de-ministres","tag-habitatge","tag-linformatiu-de-lhora-mora-debre","tag-ministeri-de-sanitat","tag-mora-debre","tag-mossos-desquadra","tag-patinet-electric","tag-pisos-publics","tag-politiques-dhabitatge","tag-primer-dia-de-les-dones-rurals-de-la-ribera-debre","tag-rodalies","tag-salvador-illa","tag-tivissa","tag-xv-jornada-destudis-locals-i-territorials-carmel-biarnes"],"_links":{"self":[{"href":"https:\/\/www.radiomoradebre.cat\/wp\/wp-json\/wp\/v2\/posts\/54351","targetHints":{"allow":["GET"]}}],"collection":[{"href":"https:\/\/www.radiomoradebre.cat\/wp\/wp-json\/wp\/v2\/posts"}],"about":[{"href":"https:\/\/www.radiomoradebre.cat\/wp\/wp-json\/wp\/v2\/types\/post"}],"author":[{"embeddable":true,"href":"https:\/\/www.radiomoradebre.cat\/wp\/wp-json\/wp\/v2\/users\/3"}],"replies":[{"embeddable":true,"href":"https:\/\/www.radiomoradebre.cat\/wp\/wp-json\/wp\/v2\/comments?post=54351"}],"version-history":[{"count":1,"href":"https:\/\/www.radiomoradebre.cat\/wp\/wp-json\/wp\/v2\/posts\/54351\/revisions"}],"predecessor-version":[{"id":54353,"href":"https:\/\/www.radiomoradebre.cat\/wp\/wp-json\/wp\/v2\/posts\/54351\/revisions\/54353"}],"wp:attachment":[{"href":"https:\/\/www.radiomoradebre.cat\/wp\/wp-json\/wp\/v2\/media?parent=54351"}],"wp:term":[{"taxonomy":"category","embeddable":true,"href":"https:\/\/www.radiomoradebre.cat\/wp\/wp-json\/wp\/v2\/categories?post=54351"},{"taxonomy":"post_tag","embeddable":true,"href":"https:\/\/www.radiomoradebre.cat\/wp\/wp-json\/wp\/v2\/tags?post=54351"}],"curies":[{"name":"wp","href":"https:\/\/api.w.org\/{rel}","templated":true}]}}