
{"id":53931,"date":"2024-08-27T14:05:57","date_gmt":"2024-08-27T12:05:57","guid":{"rendered":"https:\/\/www.radiomoradebre.cat\/wp\/?p=53931"},"modified":"2024-08-27T14:05:58","modified_gmt":"2024-08-27T12:05:58","slug":"entrevista-amb-sandra-rico-alcaldessa-de-vinebre-i-jordi-alonso-responsable-de-larea-de-festes-festa-major-2024","status":"publish","type":"post","link":"https:\/\/www.radiomoradebre.cat\/wp\/2024\/08\/27\/entrevista-amb-sandra-rico-alcaldessa-de-vinebre-i-jordi-alonso-responsable-de-larea-de-festes-festa-major-2024\/","title":{"rendered":"ENTREVISTA amb Sandra Rico, alcaldessa de Vinebre i Jordi Alonso, responsable de l&#8217;\u00c0rea de Festes\u2013 Festa Major 2024"},"content":{"rendered":"\n<p><strong><em>Vinebre ho t\u00e9 tot preparat per a celebrar les Festes Majors 2024. Una programaci\u00f3 encap\u00e7alada per actes tradicionals. Els actes se celebraran entre el 28 d\u2019agost i l&#8217;1 de setembre. En parlem de tot plegat amb la Sandra Rico i en Jordi Alonso<\/em><\/strong>.<\/p>\n\n\n\n<figure class=\"wp-block-audio\"><audio controls src=\"https:\/\/www.radiomoradebre.cat\/wp\/wp-content\/uploads\/2024\/08\/Festa-major-VINEBRE-2024.mp3\"><\/audio><\/figure>\n\n\n\n<figure class=\"wp-block-image size-large\"><a href=\"https:\/\/www.radiomoradebre.cat\/wp\/wp-content\/uploads\/2024\/08\/20240826_145200-scaled.jpg\"><img loading=\"lazy\" decoding=\"async\" width=\"1024\" height=\"768\" src=\"https:\/\/www.radiomoradebre.cat\/wp\/wp-content\/uploads\/2024\/08\/20240826_145200-1024x768.jpg\" alt=\"\" class=\"wp-image-53933\" srcset=\"https:\/\/www.radiomoradebre.cat\/wp\/wp-content\/uploads\/2024\/08\/20240826_145200-1024x768.jpg 1024w, https:\/\/www.radiomoradebre.cat\/wp\/wp-content\/uploads\/2024\/08\/20240826_145200-300x225.jpg 300w, https:\/\/www.radiomoradebre.cat\/wp\/wp-content\/uploads\/2024\/08\/20240826_145200-768x576.jpg 768w, https:\/\/www.radiomoradebre.cat\/wp\/wp-content\/uploads\/2024\/08\/20240826_145200-1536x1152.jpg 1536w, https:\/\/www.radiomoradebre.cat\/wp\/wp-content\/uploads\/2024\/08\/20240826_145200-2048x1536.jpg 2048w\" sizes=\"auto, (max-width: 1024px) 100vw, 1024px\" \/><\/a><\/figure>\n","protected":false},"excerpt":{"rendered":"<p>Vinebre ho t\u00e9 tot preparat per a celebrar les Festes Majors 2024. Una programaci\u00f3 encap\u00e7alada per actes tradicionals. Els actes se celebraran entre el 28 d\u2019agost i l&#8217;1 de setembre. En parlem de tot plegat amb la Sandra Rico i &hellip; <a href=\"https:\/\/www.radiomoradebre.cat\/wp\/2024\/08\/27\/entrevista-amb-sandra-rico-alcaldessa-de-vinebre-i-jordi-alonso-responsable-de-larea-de-festes-festa-major-2024\/\">Continue reading <span class=\"meta-nav\">&rarr;<\/span><\/a><\/p>\n","protected":false},"author":3,"featured_media":0,"comment_status":"closed","ping_status":"open","sticky":false,"template":"","format":"standard","meta":{"footnotes":""},"categories":[12,8],"tags":[4238,32492,5382,22209],"class_list":["post-53931","post","type-post","status-publish","format-standard","hentry","category-horamoradebre","category-programes","tag-ajuntament-de-vinebre","tag-festes-majors-de-vinebre-2024","tag-jordi-alonso","tag-sandra-rico"],"_links":{"self":[{"href":"https:\/\/www.radiomoradebre.cat\/wp\/wp-json\/wp\/v2\/posts\/53931","targetHints":{"allow":["GET"]}}],"collection":[{"href":"https:\/\/www.radiomoradebre.cat\/wp\/wp-json\/wp\/v2\/posts"}],"about":[{"href":"https:\/\/www.radiomoradebre.cat\/wp\/wp-json\/wp\/v2\/types\/post"}],"author":[{"embeddable":true,"href":"https:\/\/www.radiomoradebre.cat\/wp\/wp-json\/wp\/v2\/users\/3"}],"replies":[{"embeddable":true,"href":"https:\/\/www.radiomoradebre.cat\/wp\/wp-json\/wp\/v2\/comments?post=53931"}],"version-history":[{"count":1,"href":"https:\/\/www.radiomoradebre.cat\/wp\/wp-json\/wp\/v2\/posts\/53931\/revisions"}],"predecessor-version":[{"id":53934,"href":"https:\/\/www.radiomoradebre.cat\/wp\/wp-json\/wp\/v2\/posts\/53931\/revisions\/53934"}],"wp:attachment":[{"href":"https:\/\/www.radiomoradebre.cat\/wp\/wp-json\/wp\/v2\/media?parent=53931"}],"wp:term":[{"taxonomy":"category","embeddable":true,"href":"https:\/\/www.radiomoradebre.cat\/wp\/wp-json\/wp\/v2\/categories?post=53931"},{"taxonomy":"post_tag","embeddable":true,"href":"https:\/\/www.radiomoradebre.cat\/wp\/wp-json\/wp\/v2\/tags?post=53931"}],"curies":[{"name":"wp","href":"https:\/\/api.w.org\/{rel}","templated":true}]}}