
{"id":5387,"date":"2013-11-13T10:54:32","date_gmt":"2013-11-13T09:54:32","guid":{"rendered":"http:\/\/radiomoradebre.cat\/wp\/?p=5387"},"modified":"2013-11-13T10:54:32","modified_gmt":"2013-11-13T09:54:32","slug":"salut-desmenteix-les-irregularitats-en-ladjudicacio-de-la-rehabilitacio-a-batea","status":"publish","type":"post","link":"https:\/\/www.radiomoradebre.cat\/wp\/2013\/11\/13\/salut-desmenteix-les-irregularitats-en-ladjudicacio-de-la-rehabilitacio-a-batea\/","title":{"rendered":"Salut desmenteix les irregularitats en l&#8217;adjudicaci\u00f3 de la rehabilitaci\u00f3 a Batea."},"content":{"rendered":"<p><em><strong>El Departament de Salut de la Generalitat desmenteix les presumptes irregularitats que l\u2019Ajuntament de Batea denuncia que es van produir en l\u2019adjudicaci\u00f3 del servei de rehabilitaci\u00f3. I remarca que si actualment la Fundaci\u00f3 Segle XXI tant sols presta el servei domiciliari \u00e9s perqu\u00e8 el mateix consistori municipal va ordenar el tancament del centre.<\/strong><\/em><\/p>\n<p>El Departament de Salut ha desmentit a trav\u00e9s d\u2019un comunicat que s\u2019hagin produ\u00eft irregularitats en el proc\u00e9s d\u2019adjudicaci\u00f3 del servei de rehabilitaci\u00f3 de Batea a la Fundaci\u00f3 Terra Alta Segle XXI, remarcant que es va seguir un proc\u00e9s totalment legal.<\/p>\n<p>Pel que fa a les cartes que ha rebut per part del consistori municipal de Batea, en les que demanaven la posada en marxa de forma \u201curgent\u201d del servei i oferien les instal\u00b7lacions p\u00fabliques, el departament de Salut remarca que aquesta situaci\u00f3 es deriva per la ordre de tancament de la Fundaci\u00f3 que va executar el propi ajuntament i afegeix que prestar el servei de rehabilitaci\u00f3 al local del consistori \u00e9s inviable perqu\u00e8 estarien fent una infracci\u00f3 de la Llei de Contractes de Serveis P\u00fablics.<\/p>\n","protected":false},"excerpt":{"rendered":"<p>El Departament de Salut de la Generalitat desmenteix les presumptes irregularitats que l\u2019Ajuntament de Batea denuncia que es van produir en l\u2019adjudicaci\u00f3 del servei de rehabilitaci\u00f3. I remarca que si actualment la Fundaci\u00f3 Segle XXI tant sols presta el servei &hellip; <a href=\"https:\/\/www.radiomoradebre.cat\/wp\/2013\/11\/13\/salut-desmenteix-les-irregularitats-en-ladjudicacio-de-la-rehabilitacio-a-batea\/\">Continue reading <span class=\"meta-nav\">&rarr;<\/span><\/a><\/p>\n","protected":false},"author":3,"featured_media":0,"comment_status":"closed","ping_status":"open","sticky":false,"template":"","format":"standard","meta":{"footnotes":""},"categories":[2],"tags":[1067,902,2215,2166,255,704,882],"class_list":["post-5387","post","type-post","status-publish","format-standard","hentry","category-noticies","tag-ajuntament","tag-batea","tag-catsalut","tag-fundacio-terra-alta-segle-xxi","tag-generalitat","tag-rehabilitacio","tag-salut"],"_links":{"self":[{"href":"https:\/\/www.radiomoradebre.cat\/wp\/wp-json\/wp\/v2\/posts\/5387","targetHints":{"allow":["GET"]}}],"collection":[{"href":"https:\/\/www.radiomoradebre.cat\/wp\/wp-json\/wp\/v2\/posts"}],"about":[{"href":"https:\/\/www.radiomoradebre.cat\/wp\/wp-json\/wp\/v2\/types\/post"}],"author":[{"embeddable":true,"href":"https:\/\/www.radiomoradebre.cat\/wp\/wp-json\/wp\/v2\/users\/3"}],"replies":[{"embeddable":true,"href":"https:\/\/www.radiomoradebre.cat\/wp\/wp-json\/wp\/v2\/comments?post=5387"}],"version-history":[{"count":1,"href":"https:\/\/www.radiomoradebre.cat\/wp\/wp-json\/wp\/v2\/posts\/5387\/revisions"}],"predecessor-version":[{"id":5388,"href":"https:\/\/www.radiomoradebre.cat\/wp\/wp-json\/wp\/v2\/posts\/5387\/revisions\/5388"}],"wp:attachment":[{"href":"https:\/\/www.radiomoradebre.cat\/wp\/wp-json\/wp\/v2\/media?parent=5387"}],"wp:term":[{"taxonomy":"category","embeddable":true,"href":"https:\/\/www.radiomoradebre.cat\/wp\/wp-json\/wp\/v2\/categories?post=5387"},{"taxonomy":"post_tag","embeddable":true,"href":"https:\/\/www.radiomoradebre.cat\/wp\/wp-json\/wp\/v2\/tags?post=5387"}],"curies":[{"name":"wp","href":"https:\/\/api.w.org\/{rel}","templated":true}]}}