
{"id":53535,"date":"2024-07-05T12:30:10","date_gmt":"2024-07-05T10:30:10","guid":{"rendered":"https:\/\/www.radiomoradebre.cat\/wp\/?p=53535"},"modified":"2024-07-05T12:30:11","modified_gmt":"2024-07-05T10:30:11","slug":"entrevista-amb-eric-vinaixa-cantautor-de-miravet","status":"publish","type":"post","link":"https:\/\/www.radiomoradebre.cat\/wp\/2024\/07\/05\/entrevista-amb-eric-vinaixa-cantautor-de-miravet\/","title":{"rendered":"ENTREVISTA amb \u00c8ric Vinaixa, cantautor de Miravet"},"content":{"rendered":"\n<p><strong><em>\u00c8ric Vinaixa est\u00e0 girant amb el seu nou disc &#8216;Les mil cares de la nit&#8217; i fa parada a casa, al Castell de Miravet, un espai \u00fanic. Ens parla de les sensacions de tocar a casa, el seu nou disc i qu\u00e8 diu la seva m\u00fasica. Tamb\u00e9 podeu escoltar el seu nou single &#8216;Les nits de juny&#8217;, que ha estrenat videoclip.<\/em><\/strong><\/p>\n\n\n\n<figure class=\"wp-block-audio\"><audio controls src=\"https:\/\/www.radiomoradebre.cat\/wp\/wp-content\/uploads\/2024\/07\/ENTREVISTA-ERIC-VINAIXA-5-7-24.mp3\"><\/audio><\/figure>\n\n\n\n<figure class=\"wp-block-image size-large\"><a href=\"https:\/\/www.radiomoradebre.cat\/wp\/wp-content\/uploads\/2024\/07\/49c55a60-9921-47c4-83b7-7a337c32e99a-scaled.jpg\"><img loading=\"lazy\" decoding=\"async\" width=\"1024\" height=\"683\" src=\"https:\/\/www.radiomoradebre.cat\/wp\/wp-content\/uploads\/2024\/07\/49c55a60-9921-47c4-83b7-7a337c32e99a-1024x683.jpg\" alt=\"\u00c8ric Vinaixa | ACN\" class=\"wp-image-53537\" srcset=\"https:\/\/www.radiomoradebre.cat\/wp\/wp-content\/uploads\/2024\/07\/49c55a60-9921-47c4-83b7-7a337c32e99a-1024x683.jpg 1024w, https:\/\/www.radiomoradebre.cat\/wp\/wp-content\/uploads\/2024\/07\/49c55a60-9921-47c4-83b7-7a337c32e99a-300x200.jpg 300w, https:\/\/www.radiomoradebre.cat\/wp\/wp-content\/uploads\/2024\/07\/49c55a60-9921-47c4-83b7-7a337c32e99a-768x512.jpg 768w, https:\/\/www.radiomoradebre.cat\/wp\/wp-content\/uploads\/2024\/07\/49c55a60-9921-47c4-83b7-7a337c32e99a-1536x1024.jpg 1536w, https:\/\/www.radiomoradebre.cat\/wp\/wp-content\/uploads\/2024\/07\/49c55a60-9921-47c4-83b7-7a337c32e99a-2048x1365.jpg 2048w\" sizes=\"auto, (max-width: 1024px) 100vw, 1024px\" \/><\/a><figcaption class=\"wp-element-caption\">\u00c8ric Vinaixa | ACN<\/figcaption><\/figure>\n","protected":false},"excerpt":{"rendered":"<p>\u00c8ric Vinaixa est\u00e0 girant amb el seu nou disc &#8216;Les mil cares de la nit&#8217; i fa parada a casa, al Castell de Miravet, un espai \u00fanic. Ens parla de les sensacions de tocar a casa, el seu nou disc &hellip; <a href=\"https:\/\/www.radiomoradebre.cat\/wp\/2024\/07\/05\/entrevista-amb-eric-vinaixa-cantautor-de-miravet\/\">Continue reading <span class=\"meta-nav\">&rarr;<\/span><\/a><\/p>\n","protected":false},"author":3,"featured_media":0,"comment_status":"closed","ping_status":"open","sticky":false,"template":"","format":"standard","meta":{"footnotes":""},"categories":[12,8],"tags":[3905,970,4354,30870,32298,147],"class_list":["post-53535","post","type-post","status-publish","format-standard","hentry","category-horamoradebre","category-programes","tag-castell-de-miravet","tag-concert","tag-eric-vinaixa","tag-les-mil-cares-de-la-nit","tag-les-nits-de-juny","tag-miravet"],"_links":{"self":[{"href":"https:\/\/www.radiomoradebre.cat\/wp\/wp-json\/wp\/v2\/posts\/53535","targetHints":{"allow":["GET"]}}],"collection":[{"href":"https:\/\/www.radiomoradebre.cat\/wp\/wp-json\/wp\/v2\/posts"}],"about":[{"href":"https:\/\/www.radiomoradebre.cat\/wp\/wp-json\/wp\/v2\/types\/post"}],"author":[{"embeddable":true,"href":"https:\/\/www.radiomoradebre.cat\/wp\/wp-json\/wp\/v2\/users\/3"}],"replies":[{"embeddable":true,"href":"https:\/\/www.radiomoradebre.cat\/wp\/wp-json\/wp\/v2\/comments?post=53535"}],"version-history":[{"count":1,"href":"https:\/\/www.radiomoradebre.cat\/wp\/wp-json\/wp\/v2\/posts\/53535\/revisions"}],"predecessor-version":[{"id":53538,"href":"https:\/\/www.radiomoradebre.cat\/wp\/wp-json\/wp\/v2\/posts\/53535\/revisions\/53538"}],"wp:attachment":[{"href":"https:\/\/www.radiomoradebre.cat\/wp\/wp-json\/wp\/v2\/media?parent=53535"}],"wp:term":[{"taxonomy":"category","embeddable":true,"href":"https:\/\/www.radiomoradebre.cat\/wp\/wp-json\/wp\/v2\/categories?post=53535"},{"taxonomy":"post_tag","embeddable":true,"href":"https:\/\/www.radiomoradebre.cat\/wp\/wp-json\/wp\/v2\/tags?post=53535"}],"curies":[{"name":"wp","href":"https:\/\/api.w.org\/{rel}","templated":true}]}}