
{"id":53187,"date":"2024-06-03T12:20:12","date_gmt":"2024-06-03T10:20:12","guid":{"rendered":"https:\/\/www.radiomoradebre.cat\/wp\/?p=53187"},"modified":"2024-06-03T12:43:53","modified_gmt":"2024-06-03T10:43:53","slug":"coneixent-la-nostra-terra-programa-20-ribera-debre-itineraris-culturals-historics","status":"publish","type":"post","link":"https:\/\/www.radiomoradebre.cat\/wp\/2024\/06\/03\/coneixent-la-nostra-terra-programa-20-ribera-debre-itineraris-culturals-historics\/","title":{"rendered":"CONEIXENT LA NOSTRA TERRA | Programa 20 \u2013 Ribera d\u2019Ebre: Itineraris culturals hist\u00f2rics"},"content":{"rendered":"\n<p><em><strong>Et convidem a con\u00e8ixer la nostra terra i passejar per la Ribera d\u2019Ebre, la Terra Alta i el Priorat per descobrir la hist\u00f2ria, el patrimoni, la gastronomia, la natura i tot all\u00f2 que et pugui interessar de les nostres comarques.<\/strong><\/em><\/p>\n\n\n\n<p><strong><em>Hem conegut la nostra terra amb la M\u00f2nica Sabat\u00e9, t\u00e8cnica de Turisme del Consell Comarcal de la Ribera d\u2019Ebre, on ens continua parlant del patrimoni de la comarca, concretament dels itineraris culturals hist\u00f2rics com s\u00f3n les rutes dels espais Ibers o de la Batalla de l&#8217;Ebre.<\/em><\/strong><\/p>\n\n\n\n<figure class=\"wp-block-audio\"><audio controls src=\"https:\/\/www.radiomoradebre.cat\/wp\/wp-content\/uploads\/2024\/06\/CNT-RIBERA-EBRE-3-6-24.mp3\"><\/audio><\/figure>\n\n\n\n<figure class=\"wp-block-image size-full\"><a href=\"https:\/\/www.radiomoradebre.cat\/wp\/wp-content\/uploads\/2024\/06\/Ribera-dEbre-42.jpg\"><img loading=\"lazy\" decoding=\"async\" width=\"640\" height=\"416\" src=\"https:\/\/www.radiomoradebre.cat\/wp\/wp-content\/uploads\/2024\/06\/Ribera-dEbre-42.jpg\" alt=\"\" class=\"wp-image-53189\" srcset=\"https:\/\/www.radiomoradebre.cat\/wp\/wp-content\/uploads\/2024\/06\/Ribera-dEbre-42.jpg 640w, https:\/\/www.radiomoradebre.cat\/wp\/wp-content\/uploads\/2024\/06\/Ribera-dEbre-42-300x195.jpg 300w\" sizes=\"auto, (max-width: 640px) 100vw, 640px\" \/><\/a><figcaption class=\"wp-element-caption\">Panell informatiu de la Ruta dels Ibers.<\/figcaption><\/figure>\n\n\n\n<figure class=\"wp-block-image size-large\"><a href=\"https:\/\/www.radiomoradebre.cat\/wp\/wp-content\/uploads\/2024\/06\/20240603_085150-scaled.jpg\"><img loading=\"lazy\" decoding=\"async\" width=\"1024\" height=\"768\" src=\"https:\/\/www.radiomoradebre.cat\/wp\/wp-content\/uploads\/2024\/06\/20240603_085150-1024x768.jpg\" alt=\"\" class=\"wp-image-53191\" srcset=\"https:\/\/www.radiomoradebre.cat\/wp\/wp-content\/uploads\/2024\/06\/20240603_085150-1024x768.jpg 1024w, https:\/\/www.radiomoradebre.cat\/wp\/wp-content\/uploads\/2024\/06\/20240603_085150-300x225.jpg 300w, https:\/\/www.radiomoradebre.cat\/wp\/wp-content\/uploads\/2024\/06\/20240603_085150-768x576.jpg 768w, https:\/\/www.radiomoradebre.cat\/wp\/wp-content\/uploads\/2024\/06\/20240603_085150-1536x1152.jpg 1536w, https:\/\/www.radiomoradebre.cat\/wp\/wp-content\/uploads\/2024\/06\/20240603_085150-2048x1536.jpg 2048w\" sizes=\"auto, (max-width: 1024px) 100vw, 1024px\" \/><\/a><figcaption class=\"wp-element-caption\">M\u00f2nica Sabat\u00e9.<\/figcaption><\/figure>\n","protected":false},"excerpt":{"rendered":"<p>Et convidem a con\u00e8ixer la nostra terra i passejar per la Ribera d\u2019Ebre, la Terra Alta i el Priorat per descobrir la hist\u00f2ria, el patrimoni, la gastronomia, la natura i tot all\u00f2 que et pugui interessar de les nostres comarques. &hellip; <a href=\"https:\/\/www.radiomoradebre.cat\/wp\/2024\/06\/03\/coneixent-la-nostra-terra-programa-20-ribera-debre-itineraris-culturals-historics\/\">Continue reading <span class=\"meta-nav\">&rarr;<\/span><\/a><\/p>\n","protected":false},"author":3,"featured_media":0,"comment_status":"closed","ping_status":"open","sticky":false,"template":"","format":"standard","meta":{"footnotes":""},"categories":[30597,8],"tags":[32079,30596,797,8127,926,3694,32081,32080,3378,7633,8193,7596,96,11408,212],"class_list":["post-53187","post","type-post","status-publish","format-standard","hentry","category-coneixent-la-nostra-terra","category-programes","tag-concell-comarcal-de-la-ribera-debre","tag-coneixent-la-nostra-terra","tag-cultura","tag-espais-de-la-batalla-de-lebre","tag-historia","tag-ibers","tag-itineraris","tag-la-ruta-dels-ibers","tag-monica-sabate","tag-oficina-de-turisme","tag-patrimoni-cultural","tag-patrimoni-historic","tag-ribera-debre","tag-rutes","tag-turisme"],"_links":{"self":[{"href":"https:\/\/www.radiomoradebre.cat\/wp\/wp-json\/wp\/v2\/posts\/53187","targetHints":{"allow":["GET"]}}],"collection":[{"href":"https:\/\/www.radiomoradebre.cat\/wp\/wp-json\/wp\/v2\/posts"}],"about":[{"href":"https:\/\/www.radiomoradebre.cat\/wp\/wp-json\/wp\/v2\/types\/post"}],"author":[{"embeddable":true,"href":"https:\/\/www.radiomoradebre.cat\/wp\/wp-json\/wp\/v2\/users\/3"}],"replies":[{"embeddable":true,"href":"https:\/\/www.radiomoradebre.cat\/wp\/wp-json\/wp\/v2\/comments?post=53187"}],"version-history":[{"count":2,"href":"https:\/\/www.radiomoradebre.cat\/wp\/wp-json\/wp\/v2\/posts\/53187\/revisions"}],"predecessor-version":[{"id":53192,"href":"https:\/\/www.radiomoradebre.cat\/wp\/wp-json\/wp\/v2\/posts\/53187\/revisions\/53192"}],"wp:attachment":[{"href":"https:\/\/www.radiomoradebre.cat\/wp\/wp-json\/wp\/v2\/media?parent=53187"}],"wp:term":[{"taxonomy":"category","embeddable":true,"href":"https:\/\/www.radiomoradebre.cat\/wp\/wp-json\/wp\/v2\/categories?post=53187"},{"taxonomy":"post_tag","embeddable":true,"href":"https:\/\/www.radiomoradebre.cat\/wp\/wp-json\/wp\/v2\/tags?post=53187"}],"curies":[{"name":"wp","href":"https:\/\/api.w.org\/{rel}","templated":true}]}}