
{"id":52992,"date":"2024-05-14T10:46:22","date_gmt":"2024-05-14T08:46:22","guid":{"rendered":"https:\/\/www.radiomoradebre.cat\/wp\/?p=52992"},"modified":"2024-05-14T10:46:24","modified_gmt":"2024-05-14T08:46:24","slug":"linformatiu-de-lhora-mora-debre-amb-albert-fuertes-i-laura-cruz-14-05-24","status":"publish","type":"post","link":"https:\/\/www.radiomoradebre.cat\/wp\/2024\/05\/14\/linformatiu-de-lhora-mora-debre-amb-albert-fuertes-i-laura-cruz-14-05-24\/","title":{"rendered":"L\u2019INFORMATIU DE L\u2019HORA M\u00d3RA D\u2019EBRE amb Albert Fuertes i Laura Cruz (14-05-24)"},"content":{"rendered":"\n<p><strong><em>Les not\u00edcies d\u2019actualitat a les nostres comarques: La Ribera d\u2019Ebre, la Terra Alta i el Priorat i la previsi\u00f3 del temps amb l\u2019Enric Masip.<\/em><\/strong><\/p>\n\n\n\n<p><strong><em>Els titulars:<\/em><\/strong><\/p>\n\n\n\n<ul class=\"wp-block-list\">\n<li><strong><em>Detenen tres homes que cultivaven m\u00e9s de 3.000 plantes de marihuana a Tivissa.<\/em><\/strong><\/li>\n\n\n\n<li><strong><em>Acaba la campanya &#8220;Bons Comer\u00e7&#8221; de M\u00f3ra d&#8217;Ebre amb la realitzaci\u00f3 del sorteig.<\/em><\/strong><\/li>\n\n\n\n<li><strong><em>L&#8217;escorxador de Falset es converteix en un establiment per donar sortida a la carn de senglars i cabirols.<\/em><\/strong><\/li>\n\n\n\n<li><strong><em>La sequera provoca p\u00e8rdues de 29 MEUR i posa en perill 2.000 hect\u00e0rees de conreu dels regants del Baix Priorat.<\/em><\/strong><\/li>\n\n\n\n<li><strong><em>Abonen 3 milions d&#8217;euros d&#8217;ajuts a explotacions agr\u00e0ries afectades per la sequera de 2023 de la Ribera d&#8217;Ebre, la Terra Alta i el Priorat.<\/em><\/strong><\/li>\n\n\n\n<li><em><strong>Sanitat treballa per finan\u00e7ar ulleres i lents de contacte a partir del 2025.<\/strong><\/em><\/li>\n<\/ul>\n\n\n\n<figure class=\"wp-block-audio\"><audio controls src=\"https:\/\/www.radiomoradebre.cat\/wp\/wp-content\/uploads\/2024\/05\/INFORMATIUS-14-05-24.mp3\"><\/audio><\/figure>\n\n\n\n<figure class=\"wp-block-image size-full\"><a href=\"https:\/\/www.radiomoradebre.cat\/wp\/wp-content\/uploads\/2023\/10\/6.jpg\"><img loading=\"lazy\" decoding=\"async\" width=\"940\" height=\"788\" src=\"https:\/\/www.radiomoradebre.cat\/wp\/wp-content\/uploads\/2023\/10\/6.jpg\" alt=\"\" class=\"wp-image-51050\" srcset=\"https:\/\/www.radiomoradebre.cat\/wp\/wp-content\/uploads\/2023\/10\/6.jpg 940w, https:\/\/www.radiomoradebre.cat\/wp\/wp-content\/uploads\/2023\/10\/6-300x251.jpg 300w, https:\/\/www.radiomoradebre.cat\/wp\/wp-content\/uploads\/2023\/10\/6-768x644.jpg 768w\" sizes=\"auto, (max-width: 940px) 100vw, 940px\" \/><\/a><\/figure>\n","protected":false},"excerpt":{"rendered":"<p>Les not\u00edcies d\u2019actualitat a les nostres comarques: La Ribera d\u2019Ebre, la Terra Alta i el Priorat i la previsi\u00f3 del temps amb l\u2019Enric Masip. Els titulars:<\/p>\n","protected":false},"author":3,"featured_media":0,"comment_status":"closed","ping_status":"open","sticky":false,"template":"","format":"standard","meta":{"footnotes":""},"categories":[16,2,8],"tags":[31925,1009,27875,7464,31920,1452,31922,21,31923,31924,57,30350,8519,49,31921,96,709,6537,2419,26,329,23805],"class_list":["post-52992","post","type-post","status-publish","format-standard","hentry","category-informatius","category-noticies","category-programes","tag-31925","tag-ajuts","tag-bons-comerc","tag-cabirol","tag-carn-de-senglar","tag-conreu","tag-explotacions-agraries","tag-falset","tag-financar","tag-lents-de-contacte","tag-mora-debre","tag-perdues","tag-plantes-de-marihuana","tag-priorat","tag-regants-del-baix-priorat","tag-ribera-debre","tag-sanitat","tag-sequera","tag-sorteig","tag-terra-alta","tag-tivissa","tag-ulleres"],"_links":{"self":[{"href":"https:\/\/www.radiomoradebre.cat\/wp\/wp-json\/wp\/v2\/posts\/52992","targetHints":{"allow":["GET"]}}],"collection":[{"href":"https:\/\/www.radiomoradebre.cat\/wp\/wp-json\/wp\/v2\/posts"}],"about":[{"href":"https:\/\/www.radiomoradebre.cat\/wp\/wp-json\/wp\/v2\/types\/post"}],"author":[{"embeddable":true,"href":"https:\/\/www.radiomoradebre.cat\/wp\/wp-json\/wp\/v2\/users\/3"}],"replies":[{"embeddable":true,"href":"https:\/\/www.radiomoradebre.cat\/wp\/wp-json\/wp\/v2\/comments?post=52992"}],"version-history":[{"count":1,"href":"https:\/\/www.radiomoradebre.cat\/wp\/wp-json\/wp\/v2\/posts\/52992\/revisions"}],"predecessor-version":[{"id":52994,"href":"https:\/\/www.radiomoradebre.cat\/wp\/wp-json\/wp\/v2\/posts\/52992\/revisions\/52994"}],"wp:attachment":[{"href":"https:\/\/www.radiomoradebre.cat\/wp\/wp-json\/wp\/v2\/media?parent=52992"}],"wp:term":[{"taxonomy":"category","embeddable":true,"href":"https:\/\/www.radiomoradebre.cat\/wp\/wp-json\/wp\/v2\/categories?post=52992"},{"taxonomy":"post_tag","embeddable":true,"href":"https:\/\/www.radiomoradebre.cat\/wp\/wp-json\/wp\/v2\/tags?post=52992"}],"curies":[{"name":"wp","href":"https:\/\/api.w.org\/{rel}","templated":true}]}}