
{"id":52861,"date":"2024-04-30T11:24:04","date_gmt":"2024-04-30T09:24:04","guid":{"rendered":"https:\/\/www.radiomoradebre.cat\/wp\/?p=52861"},"modified":"2024-04-30T11:24:04","modified_gmt":"2024-04-30T09:24:04","slug":"entrevista-amb-carlos-brull-alcalde-de-falset-fira-del-vi","status":"publish","type":"post","link":"https:\/\/www.radiomoradebre.cat\/wp\/2024\/04\/30\/entrevista-amb-carlos-brull-alcalde-de-falset-fira-del-vi\/","title":{"rendered":"ENTREVISTA amb Carlos Brull, alcalde de Falset &#8211; FIRA DEL VI"},"content":{"rendered":"\n<p><strong><em>Aquest divendres d\u00f3na el tret de sortida la Fira de Vi de Falset, la proposta enol\u00f2gica i cultural que omple les pla\u00e7es i carrers del municipi amb tastos, cercaviles, concerts i molt m\u00e9s!<\/em><\/strong><\/p>\n\n\n\n<figure class=\"wp-block-audio\"><audio controls src=\"https:\/\/www.radiomoradebre.cat\/wp\/wp-content\/uploads\/2024\/04\/NTREVISTA-FIRA-DEL-VI-CARLOS-BRULL-30-4-24.mp3\"><\/audio><\/figure>\n\n\n\n<div class=\"wp-block-columns is-layout-flex wp-container-core-columns-is-layout-9d6595d7 wp-block-columns-is-layout-flex\">\n<div class=\"wp-block-column is-layout-flow wp-block-column-is-layout-flow\" style=\"flex-basis:100%\">\n<figure class=\"wp-block-gallery has-nested-images columns-default is-cropped wp-block-gallery-1 is-layout-flex wp-block-gallery-is-layout-flex\">\n<figure class=\"wp-block-image size-large\"><a href=\"https:\/\/www.radiomoradebre.cat\/wp\/wp-content\/uploads\/2024\/04\/fira-del-vi-falset.png\"><img loading=\"lazy\" decoding=\"async\" width=\"448\" height=\"506\" data-id=\"52863\" src=\"https:\/\/www.radiomoradebre.cat\/wp\/wp-content\/uploads\/2024\/04\/fira-del-vi-falset.png\" alt=\"\" class=\"wp-image-52863\" srcset=\"https:\/\/www.radiomoradebre.cat\/wp\/wp-content\/uploads\/2024\/04\/fira-del-vi-falset.png 448w, https:\/\/www.radiomoradebre.cat\/wp\/wp-content\/uploads\/2024\/04\/fira-del-vi-falset-266x300.png 266w\" sizes=\"auto, (max-width: 448px) 100vw, 448px\" \/><\/a><\/figure>\n\n\n\n<figure class=\"wp-block-image size-large\"><a href=\"https:\/\/www.radiomoradebre.cat\/wp\/wp-content\/uploads\/2020\/12\/CARLOS-BRULL-GENER-2020.jpg\"><img loading=\"lazy\" decoding=\"async\" width=\"1024\" height=\"768\" data-id=\"44161\" src=\"https:\/\/www.radiomoradebre.cat\/wp\/wp-content\/uploads\/2020\/12\/CARLOS-BRULL-GENER-2020.jpg\" alt=\"Carlos Brull, alcalde de Falset, en una foto d'arxiu\" class=\"wp-image-44161\" srcset=\"https:\/\/www.radiomoradebre.cat\/wp\/wp-content\/uploads\/2020\/12\/CARLOS-BRULL-GENER-2020.jpg 1024w, https:\/\/www.radiomoradebre.cat\/wp\/wp-content\/uploads\/2020\/12\/CARLOS-BRULL-GENER-2020-300x225.jpg 300w, https:\/\/www.radiomoradebre.cat\/wp\/wp-content\/uploads\/2020\/12\/CARLOS-BRULL-GENER-2020-768x576.jpg 768w\" sizes=\"auto, (max-width: 1024px) 100vw, 1024px\" \/><\/a><figcaption class=\"wp-element-caption\">Carlos Brull, alcalde de Falset.<\/figcaption><\/figure>\n<\/figure>\n<\/div>\n<\/div>\n","protected":false},"excerpt":{"rendered":"<p>Aquest divendres d\u00f3na el tret de sortida la Fira de Vi de Falset, la proposta enol\u00f2gica i cultural que omple les pla\u00e7es i carrers del municipi amb tastos, cercaviles, concerts i molt m\u00e9s!<\/p>\n","protected":false},"author":3,"featured_media":0,"comment_status":"closed","ping_status":"open","sticky":false,"template":"","format":"standard","meta":{"footnotes":""},"categories":[12,8],"tags":[948,7102,1613,1397,173,553,21,611,29789,2730,801,5612,178],"class_list":["post-52861","post","type-post","status-publish","format-standard","hentry","category-horamoradebre","category-programes","tag-alcalde","tag-carlos-brull","tag-cercavila","tag-concerts","tag-do-montsant","tag-doq-priorat","tag-falset","tag-fira-del-vi-de-falset","tag-garbinada-pop","tag-gastronomia","tag-mostra-de-vins","tag-tastos","tag-vins"],"_links":{"self":[{"href":"https:\/\/www.radiomoradebre.cat\/wp\/wp-json\/wp\/v2\/posts\/52861","targetHints":{"allow":["GET"]}}],"collection":[{"href":"https:\/\/www.radiomoradebre.cat\/wp\/wp-json\/wp\/v2\/posts"}],"about":[{"href":"https:\/\/www.radiomoradebre.cat\/wp\/wp-json\/wp\/v2\/types\/post"}],"author":[{"embeddable":true,"href":"https:\/\/www.radiomoradebre.cat\/wp\/wp-json\/wp\/v2\/users\/3"}],"replies":[{"embeddable":true,"href":"https:\/\/www.radiomoradebre.cat\/wp\/wp-json\/wp\/v2\/comments?post=52861"}],"version-history":[{"count":1,"href":"https:\/\/www.radiomoradebre.cat\/wp\/wp-json\/wp\/v2\/posts\/52861\/revisions"}],"predecessor-version":[{"id":52864,"href":"https:\/\/www.radiomoradebre.cat\/wp\/wp-json\/wp\/v2\/posts\/52861\/revisions\/52864"}],"wp:attachment":[{"href":"https:\/\/www.radiomoradebre.cat\/wp\/wp-json\/wp\/v2\/media?parent=52861"}],"wp:term":[{"taxonomy":"category","embeddable":true,"href":"https:\/\/www.radiomoradebre.cat\/wp\/wp-json\/wp\/v2\/categories?post=52861"},{"taxonomy":"post_tag","embeddable":true,"href":"https:\/\/www.radiomoradebre.cat\/wp\/wp-json\/wp\/v2\/tags?post=52861"}],"curies":[{"name":"wp","href":"https:\/\/api.w.org\/{rel}","templated":true}]}}