
{"id":52809,"date":"2024-04-24T13:35:37","date_gmt":"2024-04-24T11:35:37","guid":{"rendered":"https:\/\/www.radiomoradebre.cat\/wp\/?p=52809"},"modified":"2024-04-24T13:35:38","modified_gmt":"2024-04-24T11:35:38","slug":"fil-directe-amb-ruben-biarnes-alcalde-de-mora-debre-abril-2024","status":"publish","type":"post","link":"https:\/\/www.radiomoradebre.cat\/wp\/2024\/04\/24\/fil-directe-amb-ruben-biarnes-alcalde-de-mora-debre-abril-2024\/","title":{"rendered":"FIL DIRECTE amb Rub\u00e9n Biarn\u00e9s, alcalde de M\u00f3ra d\u2019Ebre \u2013 abril 2024"},"content":{"rendered":"\n<p><span><em><strong>L\u2019alcalde de M\u00f3ra d\u2019Ebre, Rub\u00e9n Biarn\u00e9s, passa pel Fil Directe on ens parla de <\/strong><\/em><\/span><strong><em>la Primavera Cultural, la proposta a ENRESA, l&#8217;aposta de turisme amb el Castell i el Museu Julio Antonio, els Fons de Transici\u00f3 Nuclear, la seva presentaci\u00f3 a la llista de Junts a les eleccions catalanes i molt m\u00e9s.<\/em><\/strong><audio src=\"https:\/\/www.radiomoradebre.cat\/wp\/wp-content\/uploads\/2024\/03\/FIL-DIRECTE-BIARNES-MARC24.mp3\"><\/audio><\/p>\n\n\n\n<figure class=\"wp-block-audio\"><audio controls src=\"https:\/\/www.radiomoradebre.cat\/wp\/wp-content\/uploads\/2024\/04\/FIL-DIRECTE-RUBEN-BIARNES-24-04-24.mp3\"><\/audio><\/figure>\n\n\n\n<figure class=\"wp-block-image size-large\"><a href=\"https:\/\/www.radiomoradebre.cat\/wp\/wp-content\/uploads\/2024\/04\/20240424_114627-scaled.jpg\"><img loading=\"lazy\" decoding=\"async\" width=\"1024\" height=\"768\" src=\"https:\/\/www.radiomoradebre.cat\/wp\/wp-content\/uploads\/2024\/04\/20240424_114627-1024x768.jpg\" alt=\"Rub\u00e9n Biarn\u00e9s, alcalde de M\u00f3ra d'Ebre\" class=\"wp-image-52811\" srcset=\"https:\/\/www.radiomoradebre.cat\/wp\/wp-content\/uploads\/2024\/04\/20240424_114627-1024x768.jpg 1024w, https:\/\/www.radiomoradebre.cat\/wp\/wp-content\/uploads\/2024\/04\/20240424_114627-300x225.jpg 300w, https:\/\/www.radiomoradebre.cat\/wp\/wp-content\/uploads\/2024\/04\/20240424_114627-768x576.jpg 768w, https:\/\/www.radiomoradebre.cat\/wp\/wp-content\/uploads\/2024\/04\/20240424_114627-1536x1152.jpg 1536w, https:\/\/www.radiomoradebre.cat\/wp\/wp-content\/uploads\/2024\/04\/20240424_114627-2048x1536.jpg 2048w\" sizes=\"auto, (max-width: 1024px) 100vw, 1024px\" \/><\/a><figcaption class=\"wp-element-caption\">Rub\u00e9n Biarn\u00e9s, alcalde de M\u00f3ra d&#8217;Ebre<\/figcaption><\/figure>\n","protected":false},"excerpt":{"rendered":"<p>L\u2019alcalde de M\u00f3ra d\u2019Ebre, Rub\u00e9n Biarn\u00e9s, passa pel Fil Directe on ens parla de la Primavera Cultural, la proposta a ENRESA, l&#8217;aposta de turisme amb el Castell i el Museu Julio Antonio, els Fons de Transici\u00f3 Nuclear, la seva presentaci\u00f3 &hellip; <a href=\"https:\/\/www.radiomoradebre.cat\/wp\/2024\/04\/24\/fil-directe-amb-ruben-biarnes-alcalde-de-mora-debre-abril-2024\/\">Continue reading <span class=\"meta-nav\">&rarr;<\/span><\/a><\/p>\n","protected":false},"author":3,"featured_media":0,"comment_status":"closed","ping_status":"open","sticky":false,"template":"","format":"standard","meta":{"footnotes":""},"categories":[28529,8],"tags":[2109,57,21962],"class_list":["post-52809","post","type-post","status-publish","format-standard","hentry","category-fil-directe","category-programes","tag-fil-directe","tag-mora-debre","tag-ruben-biarnes"],"_links":{"self":[{"href":"https:\/\/www.radiomoradebre.cat\/wp\/wp-json\/wp\/v2\/posts\/52809","targetHints":{"allow":["GET"]}}],"collection":[{"href":"https:\/\/www.radiomoradebre.cat\/wp\/wp-json\/wp\/v2\/posts"}],"about":[{"href":"https:\/\/www.radiomoradebre.cat\/wp\/wp-json\/wp\/v2\/types\/post"}],"author":[{"embeddable":true,"href":"https:\/\/www.radiomoradebre.cat\/wp\/wp-json\/wp\/v2\/users\/3"}],"replies":[{"embeddable":true,"href":"https:\/\/www.radiomoradebre.cat\/wp\/wp-json\/wp\/v2\/comments?post=52809"}],"version-history":[{"count":1,"href":"https:\/\/www.radiomoradebre.cat\/wp\/wp-json\/wp\/v2\/posts\/52809\/revisions"}],"predecessor-version":[{"id":52812,"href":"https:\/\/www.radiomoradebre.cat\/wp\/wp-json\/wp\/v2\/posts\/52809\/revisions\/52812"}],"wp:attachment":[{"href":"https:\/\/www.radiomoradebre.cat\/wp\/wp-json\/wp\/v2\/media?parent=52809"}],"wp:term":[{"taxonomy":"category","embeddable":true,"href":"https:\/\/www.radiomoradebre.cat\/wp\/wp-json\/wp\/v2\/categories?post=52809"},{"taxonomy":"post_tag","embeddable":true,"href":"https:\/\/www.radiomoradebre.cat\/wp\/wp-json\/wp\/v2\/tags?post=52809"}],"curies":[{"name":"wp","href":"https:\/\/api.w.org\/{rel}","templated":true}]}}