
{"id":52629,"date":"2024-04-08T12:24:30","date_gmt":"2024-04-08T10:24:30","guid":{"rendered":"https:\/\/www.radiomoradebre.cat\/wp\/?p=52629"},"modified":"2024-04-08T12:31:53","modified_gmt":"2024-04-08T10:31:53","slug":"coneixent-la-nostra-terra-programa-15-ribera-debre-castells-i-jaciments-iberics","status":"publish","type":"post","link":"https:\/\/www.radiomoradebre.cat\/wp\/2024\/04\/08\/coneixent-la-nostra-terra-programa-15-ribera-debre-castells-i-jaciments-iberics\/","title":{"rendered":"CONEIXENT LA NOSTRA TERRA | Programa 15 \u2013 Ribera d\u2019Ebre: Castells i jaciments ib\u00e8rics"},"content":{"rendered":"\n<p><em><strong>Et convidem a con\u00e8ixer la nostra terra i passejar per la Ribera d\u2019Ebre, la Terra Alta i el Priorat per descobrir la hist\u00f2ria, el patrimoni, la gastronomia, la natura i tot all\u00f2 que et pugui interessar de les nostres comarques.<\/strong><\/em><\/p>\n\n\n\n<p><strong><em>Hem conegut la nostra terra entre arbres amb la M\u00f2nica Sabat\u00e9, t\u00e8cnica de Turisme del Consell Comarcal de la Ribera d\u2019Ebre, que ens ha parlat del patrimoni cultural visitable de la comarca, concretament dels seus castells i jaciments ib\u00e8rics.<\/em><\/strong><\/p>\n\n\n\n<figure class=\"wp-block-audio\"><audio controls src=\"https:\/\/www.radiomoradebre.cat\/wp\/wp-content\/uploads\/2024\/04\/CONEIXENT-LA-NOSTRA-TERRA-CASTELLS-JACIMENTS-RIBERA-DEBRE.mp3\"><\/audio><\/figure>\n\n\n\n<figure class=\"wp-block-image size-large\"><a href=\"https:\/\/www.radiomoradebre.cat\/wp\/wp-content\/uploads\/2024\/04\/resize.jpeg\"><img loading=\"lazy\" decoding=\"async\" width=\"1024\" height=\"305\" src=\"https:\/\/www.radiomoradebre.cat\/wp\/wp-content\/uploads\/2024\/04\/resize-1024x305.jpeg\" alt=\"\" class=\"wp-image-52631\" srcset=\"https:\/\/www.radiomoradebre.cat\/wp\/wp-content\/uploads\/2024\/04\/resize-1024x305.jpeg 1024w, https:\/\/www.radiomoradebre.cat\/wp\/wp-content\/uploads\/2024\/04\/resize-300x89.jpeg 300w, https:\/\/www.radiomoradebre.cat\/wp\/wp-content\/uploads\/2024\/04\/resize-768x229.jpeg 768w, https:\/\/www.radiomoradebre.cat\/wp\/wp-content\/uploads\/2024\/04\/resize.jpeg 1170w\" sizes=\"auto, (max-width: 1024px) 100vw, 1024px\" \/><\/a><figcaption class=\"wp-element-caption\">El Castell de Miravet.<\/figcaption><\/figure>\n","protected":false},"excerpt":{"rendered":"<p>Et convidem a con\u00e8ixer la nostra terra i passejar per la Ribera d\u2019Ebre, la Terra Alta i el Priorat per descobrir la hist\u00f2ria, el patrimoni, la gastronomia, la natura i tot all\u00f2 que et pugui interessar de les nostres comarques. &hellip; <a href=\"https:\/\/www.radiomoradebre.cat\/wp\/2024\/04\/08\/coneixent-la-nostra-terra-programa-15-ribera-debre-castells-i-jaciments-iberics\/\">Continue reading <span class=\"meta-nav\">&rarr;<\/span><\/a><\/p>\n","protected":false},"author":3,"featured_media":0,"comment_status":"closed","ping_status":"open","sticky":false,"template":"","format":"standard","meta":{"footnotes":""},"categories":[30597,8],"tags":[1387,30596,31667,53,31665,3378,8193,96,30717,1750,212,31666],"class_list":["post-52629","post","type-post","status-publish","format-standard","hentry","category-coneixent-la-nostra-terra","category-programes","tag-castell","tag-coneixent-la-nostra-terra","tag-coneixer","tag-consell-comarcal-de-la-ribera-debre","tag-jaciment-iberic","tag-monica-sabate","tag-patrimoni-cultural","tag-ribera-debre","tag-tecnica-de-turisme","tag-territori","tag-turisme","tag-visitar"],"_links":{"self":[{"href":"https:\/\/www.radiomoradebre.cat\/wp\/wp-json\/wp\/v2\/posts\/52629","targetHints":{"allow":["GET"]}}],"collection":[{"href":"https:\/\/www.radiomoradebre.cat\/wp\/wp-json\/wp\/v2\/posts"}],"about":[{"href":"https:\/\/www.radiomoradebre.cat\/wp\/wp-json\/wp\/v2\/types\/post"}],"author":[{"embeddable":true,"href":"https:\/\/www.radiomoradebre.cat\/wp\/wp-json\/wp\/v2\/users\/3"}],"replies":[{"embeddable":true,"href":"https:\/\/www.radiomoradebre.cat\/wp\/wp-json\/wp\/v2\/comments?post=52629"}],"version-history":[{"count":2,"href":"https:\/\/www.radiomoradebre.cat\/wp\/wp-json\/wp\/v2\/posts\/52629\/revisions"}],"predecessor-version":[{"id":52633,"href":"https:\/\/www.radiomoradebre.cat\/wp\/wp-json\/wp\/v2\/posts\/52629\/revisions\/52633"}],"wp:attachment":[{"href":"https:\/\/www.radiomoradebre.cat\/wp\/wp-json\/wp\/v2\/media?parent=52629"}],"wp:term":[{"taxonomy":"category","embeddable":true,"href":"https:\/\/www.radiomoradebre.cat\/wp\/wp-json\/wp\/v2\/categories?post=52629"},{"taxonomy":"post_tag","embeddable":true,"href":"https:\/\/www.radiomoradebre.cat\/wp\/wp-json\/wp\/v2\/tags?post=52629"}],"curies":[{"name":"wp","href":"https:\/\/api.w.org\/{rel}","templated":true}]}}