
{"id":51837,"date":"2024-01-16T10:55:24","date_gmt":"2024-01-16T09:55:24","guid":{"rendered":"https:\/\/www.radiomoradebre.cat\/wp\/?p=51837"},"modified":"2024-01-16T10:55:25","modified_gmt":"2024-01-16T09:55:25","slug":"linformatiu-de-lhora-mora-debre-amb-albert-fuertes-i-laura-cruz-16-01-24","status":"publish","type":"post","link":"https:\/\/www.radiomoradebre.cat\/wp\/2024\/01\/16\/linformatiu-de-lhora-mora-debre-amb-albert-fuertes-i-laura-cruz-16-01-24\/","title":{"rendered":"L\u2019INFORMATIU DE L\u2019HORA M\u00d3RA D\u2019EBRE amb Albert Fuertes i Laura Cruz (16-01-24)"},"content":{"rendered":"\n<p><strong><em>Les not\u00edcies d\u2019actualitat a les nostres comarques: La Ribera d\u2019Ebre, la Terra Alta i el Priorat i la previsi\u00f3 del temps amb l\u2019Enric Masip.<\/em><\/strong><\/p>\n\n\n\n<p><strong><em>Els titulars:<\/em><\/strong><\/p>\n\n\n\n<ul class=\"wp-block-list\">\n<li><strong><em>Reuni\u00f3 de l&#8217;\u00f2rgan de governan\u00e7a dels Fons de Transici\u00f3 Nuclear aquest dimarts al Consell Comarcal del Baix Ebre.<\/em><\/strong><\/li>\n\n\n\n<li><strong><em>El Delegat del Govern afirma que portar aigua de l&#8217;Ebre al Priorat no representa cap transvasament.<\/em><\/strong><\/li>\n\n\n\n<li><strong><em>La Plataforma en Defensa de l&#8217;Ebre alerta que el projecte per portar aigua de l&#8217;Ebre als pantans del Priorat blinda el transvasament a Reus.<\/em><\/strong><\/li>\n\n\n\n<li><strong><em>La CHE diu que no coneixia la proposta per portar aigua al Priorat.<\/em><\/strong><\/li>\n\n\n\n<li><strong><em>Professionals sanitaris convoquen una manifestaci\u00f3 unit\u00e0ria en contra el nou conveni de l&#8217;ICS.<\/em><\/strong><\/li>\n\n\n\n<li><strong><em>Salut nega &#8220;col\u00b7lapse&#8221; als centres sanitaris i insisteix que les desprogramacions s\u00f3n puntuals en alguns hospitals.<\/em><\/strong><\/li>\n\n\n\n<li><strong><em>Tr\u00e0nsit aposta per una inversi\u00f3 potent per reduir la mortalitat a les carreteres.<\/em><\/strong><\/li>\n<\/ul>\n\n\n\n<figure class=\"wp-block-audio\"><audio controls src=\"https:\/\/www.radiomoradebre.cat\/wp\/wp-content\/uploads\/2024\/01\/INFORMATIU-16-01-24.mp3\"><\/audio><\/figure>\n\n\n\n<figure class=\"wp-block-image size-full\"><a href=\"https:\/\/www.radiomoradebre.cat\/wp\/wp-content\/uploads\/2023\/12\/PLANTILLA-FACEBOOK-2023-12-20T100400.795.png\"><img loading=\"lazy\" decoding=\"async\" width=\"940\" height=\"788\" src=\"https:\/\/www.radiomoradebre.cat\/wp\/wp-content\/uploads\/2023\/12\/PLANTILLA-FACEBOOK-2023-12-20T100400.795.png\" alt=\"\" class=\"wp-image-51646\" srcset=\"https:\/\/www.radiomoradebre.cat\/wp\/wp-content\/uploads\/2023\/12\/PLANTILLA-FACEBOOK-2023-12-20T100400.795.png 940w, https:\/\/www.radiomoradebre.cat\/wp\/wp-content\/uploads\/2023\/12\/PLANTILLA-FACEBOOK-2023-12-20T100400.795-300x251.png 300w, https:\/\/www.radiomoradebre.cat\/wp\/wp-content\/uploads\/2023\/12\/PLANTILLA-FACEBOOK-2023-12-20T100400.795-768x644.png 768w\" sizes=\"auto, (max-width: 940px) 100vw, 940px\" \/><\/a><\/figure>\n","protected":false},"excerpt":{"rendered":"<p>Les not\u00edcies d\u2019actualitat a les nostres comarques: La Ribera d\u2019Ebre, la Terra Alta i el Priorat i la previsi\u00f3 del temps amb l\u2019Enric Masip. Els titulars:<\/p>\n","protected":false},"author":3,"featured_media":0,"comment_status":"closed","ping_status":"open","sticky":false,"template":"","format":"standard","meta":{"footnotes":""},"categories":[16,2,8],"tags":[31029,2605,29542,579,1717,28892,30571,31032,28332,11960,140,24153,31031,29336,715,49,1911,882,23826,2764,716],"class_list":["post-51837","post","type-post","status-publish","format-standard","hentry","category-informatius","category-noticies","category-programes","tag-aigua-de-lebre","tag-carreteres","tag-centres-sanitaris","tag-che","tag-confederacio-hidrografica-de-lebre","tag-consell-comarcal-del-baix-ebre","tag-delegat-del-govern","tag-desprogramacions","tag-fons-de-transicio-nuclear","tag-hospitals","tag-manifestacio","tag-mortalitat","tag-nou-conveni","tag-pantans","tag-plataforma-en-defensa-de-lebre","tag-priorat","tag-reus","tag-salut","tag-sanitaris","tag-transit","tag-transvasament"],"_links":{"self":[{"href":"https:\/\/www.radiomoradebre.cat\/wp\/wp-json\/wp\/v2\/posts\/51837","targetHints":{"allow":["GET"]}}],"collection":[{"href":"https:\/\/www.radiomoradebre.cat\/wp\/wp-json\/wp\/v2\/posts"}],"about":[{"href":"https:\/\/www.radiomoradebre.cat\/wp\/wp-json\/wp\/v2\/types\/post"}],"author":[{"embeddable":true,"href":"https:\/\/www.radiomoradebre.cat\/wp\/wp-json\/wp\/v2\/users\/3"}],"replies":[{"embeddable":true,"href":"https:\/\/www.radiomoradebre.cat\/wp\/wp-json\/wp\/v2\/comments?post=51837"}],"version-history":[{"count":1,"href":"https:\/\/www.radiomoradebre.cat\/wp\/wp-json\/wp\/v2\/posts\/51837\/revisions"}],"predecessor-version":[{"id":51840,"href":"https:\/\/www.radiomoradebre.cat\/wp\/wp-json\/wp\/v2\/posts\/51837\/revisions\/51840"}],"wp:attachment":[{"href":"https:\/\/www.radiomoradebre.cat\/wp\/wp-json\/wp\/v2\/media?parent=51837"}],"wp:term":[{"taxonomy":"category","embeddable":true,"href":"https:\/\/www.radiomoradebre.cat\/wp\/wp-json\/wp\/v2\/categories?post=51837"},{"taxonomy":"post_tag","embeddable":true,"href":"https:\/\/www.radiomoradebre.cat\/wp\/wp-json\/wp\/v2\/tags?post=51837"}],"curies":[{"name":"wp","href":"https:\/\/api.w.org\/{rel}","templated":true}]}}