
{"id":51264,"date":"2023-11-14T14:12:45","date_gmt":"2023-11-14T13:12:45","guid":{"rendered":"https:\/\/www.radiomoradebre.cat\/wp\/?p=51264"},"modified":"2023-11-14T14:13:48","modified_gmt":"2023-11-14T13:13:48","slug":"crea-harmonia-amb-anita-mazino-arquitecta-i-psicologa-holistica","status":"publish","type":"post","link":"https:\/\/www.radiomoradebre.cat\/wp\/2023\/11\/14\/crea-harmonia-amb-anita-mazino-arquitecta-i-psicologa-holistica\/","title":{"rendered":"CREA HARMONIA amb Anita Mazino, arquitecta i psic\u00f2loga hol\u00edstica"},"content":{"rendered":"\n<p><strong><em>Comencem una nova secci\u00f3 de benestar emocional, el segon dimarts de cada mes, on l&#8217;Anita Mazino, arquitecta i psic\u00f2loga hol\u00edstica, ens donar\u00e0 consells per viure millor amb nosaltres mateixos; sintonitzant amb l&#8217;espai i creant harmonia en els 360\u00ba.<\/em><\/strong><\/p>\n\n\n\n<blockquote class=\"wp-embedded-content\" data-secret=\"pdHkC6rStY\"><a href=\"https:\/\/anitamazino.com\/\">Inicio<\/a><\/blockquote><iframe loading=\"lazy\" class=\"wp-embedded-content\" sandbox=\"allow-scripts\" security=\"restricted\" style=\"position: absolute; clip: rect(1px, 1px, 1px, 1px);\" title=\"\u00abInicio\u00bb \u2014 Anita Mazino\" src=\"https:\/\/anitamazino.com\/embed\/#?secret=pdHkC6rStY\" data-secret=\"pdHkC6rStY\" width=\"600\" height=\"338\" frameborder=\"0\" marginwidth=\"0\" marginheight=\"0\" scrolling=\"no\"><\/iframe>\n\n\n\n<figure class=\"wp-block-audio\"><audio controls src=\"https:\/\/www.radiomoradebre.cat\/wp\/wp-content\/uploads\/2023\/11\/BENESTAR-EMOCIONAL-ANITA-MAZINO.mp3\"><\/audio><\/figure>\n\n\n\n<figure class=\"wp-block-image size-large\"><a href=\"https:\/\/www.radiomoradebre.cat\/wp\/wp-content\/uploads\/2023\/11\/IMG_2368-scaled.jpeg\"><img loading=\"lazy\" decoding=\"async\" width=\"1024\" height=\"768\" src=\"https:\/\/www.radiomoradebre.cat\/wp\/wp-content\/uploads\/2023\/11\/IMG_2368-1024x768.jpeg\" alt=\"\" class=\"wp-image-51266\" srcset=\"https:\/\/www.radiomoradebre.cat\/wp\/wp-content\/uploads\/2023\/11\/IMG_2368-1024x768.jpeg 1024w, https:\/\/www.radiomoradebre.cat\/wp\/wp-content\/uploads\/2023\/11\/IMG_2368-300x225.jpeg 300w, https:\/\/www.radiomoradebre.cat\/wp\/wp-content\/uploads\/2023\/11\/IMG_2368-768x576.jpeg 768w, https:\/\/www.radiomoradebre.cat\/wp\/wp-content\/uploads\/2023\/11\/IMG_2368-1536x1152.jpeg 1536w, https:\/\/www.radiomoradebre.cat\/wp\/wp-content\/uploads\/2023\/11\/IMG_2368-2048x1536.jpeg 2048w\" sizes=\"auto, (max-width: 1024px) 100vw, 1024px\" \/><\/a><\/figure>\n","protected":false},"excerpt":{"rendered":"<p>Comencem una nova secci\u00f3 de benestar emocional, el segon dimarts de cada mes, on l&#8217;Anita Mazino, arquitecta i psic\u00f2loga hol\u00edstica, ens donar\u00e0 consells per viure millor amb nosaltres mateixos; sintonitzant amb l&#8217;espai i creant harmonia en els 360\u00ba. Inicio<\/p>\n","protected":false},"author":3,"featured_media":0,"comment_status":"closed","ping_status":"open","sticky":false,"template":"","format":"standard","meta":{"footnotes":""},"categories":[12,8],"tags":[30640,30642,9258,30644,16203,30643,30641],"class_list":["post-51264","post","type-post","status-publish","format-standard","hentry","category-horamoradebre","category-programes","tag-anita-mazino","tag-arquitecta-olistica","tag-benestar-emocional","tag-feng-shui","tag-ioga","tag-meditacio-2","tag-psicologa-holistica"],"_links":{"self":[{"href":"https:\/\/www.radiomoradebre.cat\/wp\/wp-json\/wp\/v2\/posts\/51264","targetHints":{"allow":["GET"]}}],"collection":[{"href":"https:\/\/www.radiomoradebre.cat\/wp\/wp-json\/wp\/v2\/posts"}],"about":[{"href":"https:\/\/www.radiomoradebre.cat\/wp\/wp-json\/wp\/v2\/types\/post"}],"author":[{"embeddable":true,"href":"https:\/\/www.radiomoradebre.cat\/wp\/wp-json\/wp\/v2\/users\/3"}],"replies":[{"embeddable":true,"href":"https:\/\/www.radiomoradebre.cat\/wp\/wp-json\/wp\/v2\/comments?post=51264"}],"version-history":[{"count":2,"href":"https:\/\/www.radiomoradebre.cat\/wp\/wp-json\/wp\/v2\/posts\/51264\/revisions"}],"predecessor-version":[{"id":51268,"href":"https:\/\/www.radiomoradebre.cat\/wp\/wp-json\/wp\/v2\/posts\/51264\/revisions\/51268"}],"wp:attachment":[{"href":"https:\/\/www.radiomoradebre.cat\/wp\/wp-json\/wp\/v2\/media?parent=51264"}],"wp:term":[{"taxonomy":"category","embeddable":true,"href":"https:\/\/www.radiomoradebre.cat\/wp\/wp-json\/wp\/v2\/categories?post=51264"},{"taxonomy":"post_tag","embeddable":true,"href":"https:\/\/www.radiomoradebre.cat\/wp\/wp-json\/wp\/v2\/tags?post=51264"}],"curies":[{"name":"wp","href":"https:\/\/api.w.org\/{rel}","templated":true}]}}