
{"id":50463,"date":"2023-08-22T13:21:21","date_gmt":"2023-08-22T11:21:21","guid":{"rendered":"https:\/\/www.radiomoradebre.cat\/wp\/?p=50463"},"modified":"2023-08-22T13:21:22","modified_gmt":"2023-08-22T11:21:22","slug":"entrevista-amb-tere-vina-alcaldessa-de-vinebre-festa-major-2023","status":"publish","type":"post","link":"https:\/\/www.radiomoradebre.cat\/wp\/2023\/08\/22\/entrevista-amb-tere-vina-alcaldessa-de-vinebre-festa-major-2023\/","title":{"rendered":"ENTREVISTA amb Tere Vi\u00f1a, alcaldessa de Vinebre &#8211; Festa Major 2023"},"content":{"rendered":"\n<p><strong><em>Vinebre ho t\u00e9 tot preparat per a celebrar les Festes Majors 2023. Una programaci\u00f3 encap\u00e7alada per actes tradicionals i de renom com el XLI Premi Narrativa Ribera d\u2019Ebre. Els actes se celebraran entre el 23 i el 27 d\u2019agost. En parlem de tot plegat amb la Tere Vi\u00f1a, alcaldessa de Vinebre.<\/em><\/strong><\/p>\n\n\n\n<figure class=\"wp-block-audio\"><audio controls src=\"https:\/\/www.radiomoradebre.cat\/wp\/wp-content\/uploads\/2023\/08\/ENTREVISTA-TERE-VINA-FM-VINEBRE-23.mp3\"><\/audio><\/figure>\n\n\n\n<figure class=\"wp-block-image size-large\"><a href=\"https:\/\/www.radiomoradebre.cat\/wp\/wp-content\/uploads\/2023\/08\/20230817_094727-scaled.jpg\"><img loading=\"lazy\" decoding=\"async\" width=\"1024\" height=\"768\" src=\"https:\/\/www.radiomoradebre.cat\/wp\/wp-content\/uploads\/2023\/08\/20230817_094727-1024x768.jpg\" alt=\"Tere Vi\u00f1a, alcaldessa de Vinebre\" class=\"wp-image-50465\" srcset=\"https:\/\/www.radiomoradebre.cat\/wp\/wp-content\/uploads\/2023\/08\/20230817_094727-1024x768.jpg 1024w, https:\/\/www.radiomoradebre.cat\/wp\/wp-content\/uploads\/2023\/08\/20230817_094727-300x225.jpg 300w, https:\/\/www.radiomoradebre.cat\/wp\/wp-content\/uploads\/2023\/08\/20230817_094727-768x576.jpg 768w, https:\/\/www.radiomoradebre.cat\/wp\/wp-content\/uploads\/2023\/08\/20230817_094727-1536x1152.jpg 1536w, https:\/\/www.radiomoradebre.cat\/wp\/wp-content\/uploads\/2023\/08\/20230817_094727-2048x1536.jpg 2048w\" sizes=\"auto, (max-width: 1024px) 100vw, 1024px\" \/><\/a><figcaption class=\"wp-element-caption\">Tere Vi\u00f1a, alcaldessa de Vinebre<\/figcaption><\/figure>\n","protected":false},"excerpt":{"rendered":"<p>Vinebre ho t\u00e9 tot preparat per a celebrar les Festes Majors 2023. Una programaci\u00f3 encap\u00e7alada per actes tradicionals i de renom com el XLI Premi Narrativa Ribera d\u2019Ebre. Els actes se celebraran entre el 23 i el 27 d\u2019agost. En &hellip; <a href=\"https:\/\/www.radiomoradebre.cat\/wp\/2023\/08\/22\/entrevista-amb-tere-vina-alcaldessa-de-vinebre-festa-major-2023\/\">Continue reading <span class=\"meta-nav\">&rarr;<\/span><\/a><\/p>\n","protected":false},"author":3,"featured_media":0,"comment_status":"closed","ping_status":"open","sticky":false,"template":"","format":"standard","meta":{"footnotes":""},"categories":[12,8],"tags":[4238,17654,30013,296,30012],"class_list":["post-50463","post","type-post","status-publish","format-standard","hentry","category-horamoradebre","category-programes","tag-ajuntament-de-vinebre","tag-festa-major-de-vinebre","tag-tere-vina-2","tag-vinebre","tag-xli-premi-narrativa-ribera-debre"],"_links":{"self":[{"href":"https:\/\/www.radiomoradebre.cat\/wp\/wp-json\/wp\/v2\/posts\/50463","targetHints":{"allow":["GET"]}}],"collection":[{"href":"https:\/\/www.radiomoradebre.cat\/wp\/wp-json\/wp\/v2\/posts"}],"about":[{"href":"https:\/\/www.radiomoradebre.cat\/wp\/wp-json\/wp\/v2\/types\/post"}],"author":[{"embeddable":true,"href":"https:\/\/www.radiomoradebre.cat\/wp\/wp-json\/wp\/v2\/users\/3"}],"replies":[{"embeddable":true,"href":"https:\/\/www.radiomoradebre.cat\/wp\/wp-json\/wp\/v2\/comments?post=50463"}],"version-history":[{"count":1,"href":"https:\/\/www.radiomoradebre.cat\/wp\/wp-json\/wp\/v2\/posts\/50463\/revisions"}],"predecessor-version":[{"id":50466,"href":"https:\/\/www.radiomoradebre.cat\/wp\/wp-json\/wp\/v2\/posts\/50463\/revisions\/50466"}],"wp:attachment":[{"href":"https:\/\/www.radiomoradebre.cat\/wp\/wp-json\/wp\/v2\/media?parent=50463"}],"wp:term":[{"taxonomy":"category","embeddable":true,"href":"https:\/\/www.radiomoradebre.cat\/wp\/wp-json\/wp\/v2\/categories?post=50463"},{"taxonomy":"post_tag","embeddable":true,"href":"https:\/\/www.radiomoradebre.cat\/wp\/wp-json\/wp\/v2\/tags?post=50463"}],"curies":[{"name":"wp","href":"https:\/\/api.w.org\/{rel}","templated":true}]}}