
{"id":50250,"date":"2023-07-26T13:35:10","date_gmt":"2023-07-26T11:35:10","guid":{"rendered":"https:\/\/www.radiomoradebre.cat\/wp\/?p=50250"},"modified":"2023-07-26T13:35:11","modified_gmt":"2023-07-26T11:35:11","slug":"fil-directe-amb-ruben-biarnes-alcalde-de-mora-debre-9","status":"publish","type":"post","link":"https:\/\/www.radiomoradebre.cat\/wp\/2023\/07\/26\/fil-directe-amb-ruben-biarnes-alcalde-de-mora-debre-9\/","title":{"rendered":"FIL DIRECTE amb Rub\u00e9n Biarn\u00e9s, alcalde de M\u00f3ra d&#8217;Ebre"},"content":{"rendered":"\n<p><strong><em>L&#8217;alcalde de M\u00f3ra d&#8217;Ebre, Rub\u00e9n Biarn\u00e9s, ha passat pel Fil Directe a explicar l&#8217;actualitat municipal. Ens parla dels primers dies de govern i la formaci\u00f3 del cartip\u00e0s municipal, la problem\u00e0tica amb els talls de llum que hi ha hagut al municipi, com seran les Festes Majors d&#8217;aquest 2023 i molts temes m\u00e9s!<\/em><\/strong><\/p>\n\n\n\n<figure class=\"wp-block-audio\"><audio controls src=\"https:\/\/www.radiomoradebre.cat\/wp\/wp-content\/uploads\/2023\/07\/FIL-DIRECTE-RUBEN-BIARNES-26-07-23.mp3\"><\/audio><\/figure>\n\n\n\n<figure class=\"wp-block-image size-large\"><a href=\"https:\/\/www.radiomoradebre.cat\/wp\/wp-content\/uploads\/2023\/07\/20230725_170645-scaled.jpg\"><img loading=\"lazy\" decoding=\"async\" width=\"1024\" height=\"768\" src=\"https:\/\/www.radiomoradebre.cat\/wp\/wp-content\/uploads\/2023\/07\/20230725_170645-1024x768.jpg\" alt=\"Rub\u00e9n Biarn\u00e9s, alcalde de M\u00f3ra d'Ebre\" class=\"wp-image-50252\" srcset=\"https:\/\/www.radiomoradebre.cat\/wp\/wp-content\/uploads\/2023\/07\/20230725_170645-1024x768.jpg 1024w, https:\/\/www.radiomoradebre.cat\/wp\/wp-content\/uploads\/2023\/07\/20230725_170645-300x225.jpg 300w, https:\/\/www.radiomoradebre.cat\/wp\/wp-content\/uploads\/2023\/07\/20230725_170645-768x576.jpg 768w, https:\/\/www.radiomoradebre.cat\/wp\/wp-content\/uploads\/2023\/07\/20230725_170645-1536x1152.jpg 1536w, https:\/\/www.radiomoradebre.cat\/wp\/wp-content\/uploads\/2023\/07\/20230725_170645-2048x1536.jpg 2048w\" sizes=\"auto, (max-width: 1024px) 100vw, 1024px\" \/><\/a><figcaption class=\"wp-element-caption\">Rub\u00e9n Biarn\u00e9s, alcalde de M\u00f3ra d&#8217;Ebre<\/figcaption><\/figure>\n","protected":false},"excerpt":{"rendered":"<p>L&#8217;alcalde de M\u00f3ra d&#8217;Ebre, Rub\u00e9n Biarn\u00e9s, ha passat pel Fil Directe a explicar l&#8217;actualitat municipal. Ens parla dels primers dies de govern i la formaci\u00f3 del cartip\u00e0s municipal, la problem\u00e0tica amb els talls de llum que hi ha hagut al &hellip; <a href=\"https:\/\/www.radiomoradebre.cat\/wp\/2023\/07\/26\/fil-directe-amb-ruben-biarnes-alcalde-de-mora-debre-9\/\">Continue reading <span class=\"meta-nav\">&rarr;<\/span><\/a><\/p>\n","protected":false},"author":3,"featured_media":0,"comment_status":"closed","ping_status":"open","sticky":false,"template":"","format":"standard","meta":{"footnotes":""},"categories":[28529,8],"tags":[370,949,53,8096,28332,29810,57,21962,9077],"class_list":["post-50250","post","type-post","status-publish","format-standard","hentry","category-fil-directe","category-programes","tag-ajuntament-de-mora-debre","tag-cartipas-municipal","tag-consell-comarcal-de-la-ribera-debre","tag-festes-majors-de-mora-debre","tag-fons-de-transicio-nuclear","tag-govern-municipal","tag-mora-debre","tag-ruben-biarnes","tag-talls-de-llum"],"_links":{"self":[{"href":"https:\/\/www.radiomoradebre.cat\/wp\/wp-json\/wp\/v2\/posts\/50250","targetHints":{"allow":["GET"]}}],"collection":[{"href":"https:\/\/www.radiomoradebre.cat\/wp\/wp-json\/wp\/v2\/posts"}],"about":[{"href":"https:\/\/www.radiomoradebre.cat\/wp\/wp-json\/wp\/v2\/types\/post"}],"author":[{"embeddable":true,"href":"https:\/\/www.radiomoradebre.cat\/wp\/wp-json\/wp\/v2\/users\/3"}],"replies":[{"embeddable":true,"href":"https:\/\/www.radiomoradebre.cat\/wp\/wp-json\/wp\/v2\/comments?post=50250"}],"version-history":[{"count":1,"href":"https:\/\/www.radiomoradebre.cat\/wp\/wp-json\/wp\/v2\/posts\/50250\/revisions"}],"predecessor-version":[{"id":50253,"href":"https:\/\/www.radiomoradebre.cat\/wp\/wp-json\/wp\/v2\/posts\/50250\/revisions\/50253"}],"wp:attachment":[{"href":"https:\/\/www.radiomoradebre.cat\/wp\/wp-json\/wp\/v2\/media?parent=50250"}],"wp:term":[{"taxonomy":"category","embeddable":true,"href":"https:\/\/www.radiomoradebre.cat\/wp\/wp-json\/wp\/v2\/categories?post=50250"},{"taxonomy":"post_tag","embeddable":true,"href":"https:\/\/www.radiomoradebre.cat\/wp\/wp-json\/wp\/v2\/tags?post=50250"}],"curies":[{"name":"wp","href":"https:\/\/api.w.org\/{rel}","templated":true}]}}