
{"id":49892,"date":"2023-06-23T13:26:00","date_gmt":"2023-06-23T11:26:00","guid":{"rendered":"https:\/\/www.radiomoradebre.cat\/wp\/?p=49892"},"modified":"2023-06-23T13:26:00","modified_gmt":"2023-06-23T11:26:00","slug":"lavantmatx-amb-francesc-granell-especial-pitxitxi-23-06-23","status":"publish","type":"post","link":"https:\/\/www.radiomoradebre.cat\/wp\/2023\/06\/23\/lavantmatx-amb-francesc-granell-especial-pitxitxi-23-06-23\/","title":{"rendered":"L\u2019AVANTMATX amb Francesc Granell: Especial Pitxitxi (23-06-23)"},"content":{"rendered":"\n<p><strong><em>L\u2019AVANTMATX. Francesc Granell, juntament amb Paco Blad\u00e9, d&#8217;Agroqu\u00edmics Grau Blad\u00e9<\/em><\/strong>,<strong><em> i Albert Fuertes, entreguen al m\u00e0xim golejador d&#8217;aquesta temporada el trofeu del Pitxitxi de la r\u00e0dio a Javier Dilla, jugador del CF Gandesa.<\/em><\/strong><\/p>\n\n\n\n<figure class=\"wp-block-audio\"><audio controls src=\"https:\/\/www.radiomoradebre.cat\/wp\/wp-content\/uploads\/2023\/06\/AVANTMATX-PITXITXI-23-06-23.mp3\"><\/audio><\/figure>\n\n\n\n<figure class=\"wp-block-gallery has-nested-images columns-default is-cropped wp-block-gallery-1 is-layout-flex wp-block-gallery-is-layout-flex\">\n<figure class=\"wp-block-image size-large\"><a href=\"https:\/\/www.radiomoradebre.cat\/wp\/wp-content\/uploads\/2023\/06\/WhatsApp-Image-2023-06-22-at-20.37.13.jpeg\"><img loading=\"lazy\" decoding=\"async\" width=\"857\" height=\"1024\" data-id=\"49893\" src=\"https:\/\/www.radiomoradebre.cat\/wp\/wp-content\/uploads\/2023\/06\/WhatsApp-Image-2023-06-22-at-20.37.13-857x1024.jpeg\" alt=\"\" class=\"wp-image-49893\" srcset=\"https:\/\/www.radiomoradebre.cat\/wp\/wp-content\/uploads\/2023\/06\/WhatsApp-Image-2023-06-22-at-20.37.13-857x1024.jpeg 857w, https:\/\/www.radiomoradebre.cat\/wp\/wp-content\/uploads\/2023\/06\/WhatsApp-Image-2023-06-22-at-20.37.13-251x300.jpeg 251w, https:\/\/www.radiomoradebre.cat\/wp\/wp-content\/uploads\/2023\/06\/WhatsApp-Image-2023-06-22-at-20.37.13-768x918.jpeg 768w, https:\/\/www.radiomoradebre.cat\/wp\/wp-content\/uploads\/2023\/06\/WhatsApp-Image-2023-06-22-at-20.37.13-1286x1536.jpeg 1286w, https:\/\/www.radiomoradebre.cat\/wp\/wp-content\/uploads\/2023\/06\/WhatsApp-Image-2023-06-22-at-20.37.13.jpeg 1536w\" sizes=\"auto, (max-width: 857px) 100vw, 857px\" \/><\/a><figcaption class=\"wp-element-caption\">Javier Dilla.<\/figcaption><\/figure>\n\n\n\n<figure class=\"wp-block-image size-large\"><a href=\"https:\/\/www.radiomoradebre.cat\/wp\/wp-content\/uploads\/2023\/06\/WhatsApp-Image-2023-06-22-at-20.37.13-1.jpeg\"><img loading=\"lazy\" decoding=\"async\" width=\"1024\" height=\"717\" data-id=\"49894\" src=\"https:\/\/www.radiomoradebre.cat\/wp\/wp-content\/uploads\/2023\/06\/WhatsApp-Image-2023-06-22-at-20.37.13-1-1024x717.jpeg\" alt=\"\" class=\"wp-image-49894\" srcset=\"https:\/\/www.radiomoradebre.cat\/wp\/wp-content\/uploads\/2023\/06\/WhatsApp-Image-2023-06-22-at-20.37.13-1-1024x717.jpeg 1024w, https:\/\/www.radiomoradebre.cat\/wp\/wp-content\/uploads\/2023\/06\/WhatsApp-Image-2023-06-22-at-20.37.13-1-300x210.jpeg 300w, https:\/\/www.radiomoradebre.cat\/wp\/wp-content\/uploads\/2023\/06\/WhatsApp-Image-2023-06-22-at-20.37.13-1-768x537.jpeg 768w, https:\/\/www.radiomoradebre.cat\/wp\/wp-content\/uploads\/2023\/06\/WhatsApp-Image-2023-06-22-at-20.37.13-1-1536x1075.jpeg 1536w, https:\/\/www.radiomoradebre.cat\/wp\/wp-content\/uploads\/2023\/06\/WhatsApp-Image-2023-06-22-at-20.37.13-1.jpeg 2048w\" sizes=\"auto, (max-width: 1024px) 100vw, 1024px\" \/><\/a><figcaption class=\"wp-element-caption\">Francesc Granell, Paco Blad\u00e9 i Javier Dilla.<\/figcaption><\/figure>\n\n\n\n<figure class=\"wp-block-image size-large\"><a href=\"https:\/\/www.radiomoradebre.cat\/wp\/wp-content\/uploads\/2023\/06\/WhatsApp-Image-2023-06-22-at-20.37.12.jpeg\"><img loading=\"lazy\" decoding=\"async\" width=\"940\" height=\"1024\" data-id=\"49895\" src=\"https:\/\/www.radiomoradebre.cat\/wp\/wp-content\/uploads\/2023\/06\/WhatsApp-Image-2023-06-22-at-20.37.12-940x1024.jpeg\" alt=\"\" class=\"wp-image-49895\" srcset=\"https:\/\/www.radiomoradebre.cat\/wp\/wp-content\/uploads\/2023\/06\/WhatsApp-Image-2023-06-22-at-20.37.12-940x1024.jpeg 940w, https:\/\/www.radiomoradebre.cat\/wp\/wp-content\/uploads\/2023\/06\/WhatsApp-Image-2023-06-22-at-20.37.12-275x300.jpeg 275w, https:\/\/www.radiomoradebre.cat\/wp\/wp-content\/uploads\/2023\/06\/WhatsApp-Image-2023-06-22-at-20.37.12-768x837.jpeg 768w, https:\/\/www.radiomoradebre.cat\/wp\/wp-content\/uploads\/2023\/06\/WhatsApp-Image-2023-06-22-at-20.37.12-1410x1536.jpeg 1410w, https:\/\/www.radiomoradebre.cat\/wp\/wp-content\/uploads\/2023\/06\/WhatsApp-Image-2023-06-22-at-20.37.12.jpeg 1536w\" sizes=\"auto, (max-width: 940px) 100vw, 940px\" \/><\/a><figcaption class=\"wp-element-caption\">Francesc, Paco, Javier i Albert.<\/figcaption><\/figure>\n\n\n\n<figure class=\"wp-block-image size-large\"><a href=\"https:\/\/www.radiomoradebre.cat\/wp\/wp-content\/uploads\/2023\/06\/WhatsApp-Image-2023-06-22-at-20.37.10.jpeg\"><img loading=\"lazy\" decoding=\"async\" width=\"768\" height=\"1024\" data-id=\"49896\" src=\"https:\/\/www.radiomoradebre.cat\/wp\/wp-content\/uploads\/2023\/06\/WhatsApp-Image-2023-06-22-at-20.37.10-768x1024.jpeg\" alt=\"\" class=\"wp-image-49896\" srcset=\"https:\/\/www.radiomoradebre.cat\/wp\/wp-content\/uploads\/2023\/06\/WhatsApp-Image-2023-06-22-at-20.37.10-768x1024.jpeg 768w, https:\/\/www.radiomoradebre.cat\/wp\/wp-content\/uploads\/2023\/06\/WhatsApp-Image-2023-06-22-at-20.37.10-225x300.jpeg 225w, https:\/\/www.radiomoradebre.cat\/wp\/wp-content\/uploads\/2023\/06\/WhatsApp-Image-2023-06-22-at-20.37.10-1152x1536.jpeg 1152w, https:\/\/www.radiomoradebre.cat\/wp\/wp-content\/uploads\/2023\/06\/WhatsApp-Image-2023-06-22-at-20.37.10.jpeg 1536w\" sizes=\"auto, (max-width: 768px) 100vw, 768px\" \/><\/a><\/figure>\n<\/figure>\n","protected":false},"excerpt":{"rendered":"<p>L\u2019AVANTMATX. Francesc Granell, juntament amb Paco Blad\u00e9, d&#8217;Agroqu\u00edmics Grau Blad\u00e9, i Albert Fuertes, entreguen al m\u00e0xim golejador d&#8217;aquesta temporada el trofeu del Pitxitxi de la r\u00e0dio a Javier Dilla, jugador del CF Gandesa.<\/p>\n","protected":false},"author":3,"featured_media":0,"comment_status":"closed","ping_status":"open","sticky":false,"template":"","format":"standard","meta":{"footnotes":""},"categories":[28526,8],"tags":[5872,1060,3581,1265,20143,29539,29540,1063,3135],"class_list":["post-49892","post","type-post","status-publish","format-standard","hentry","category-esports","category-programes","tag-cf-gandesa","tag-esports","tag-francesc-granell","tag-futbol","tag-javier-dilla","tag-matx","tag-paco-blade-2","tag-pitxixi","tag-trofeu"],"_links":{"self":[{"href":"https:\/\/www.radiomoradebre.cat\/wp\/wp-json\/wp\/v2\/posts\/49892","targetHints":{"allow":["GET"]}}],"collection":[{"href":"https:\/\/www.radiomoradebre.cat\/wp\/wp-json\/wp\/v2\/posts"}],"about":[{"href":"https:\/\/www.radiomoradebre.cat\/wp\/wp-json\/wp\/v2\/types\/post"}],"author":[{"embeddable":true,"href":"https:\/\/www.radiomoradebre.cat\/wp\/wp-json\/wp\/v2\/users\/3"}],"replies":[{"embeddable":true,"href":"https:\/\/www.radiomoradebre.cat\/wp\/wp-json\/wp\/v2\/comments?post=49892"}],"version-history":[{"count":1,"href":"https:\/\/www.radiomoradebre.cat\/wp\/wp-json\/wp\/v2\/posts\/49892\/revisions"}],"predecessor-version":[{"id":49898,"href":"https:\/\/www.radiomoradebre.cat\/wp\/wp-json\/wp\/v2\/posts\/49892\/revisions\/49898"}],"wp:attachment":[{"href":"https:\/\/www.radiomoradebre.cat\/wp\/wp-json\/wp\/v2\/media?parent=49892"}],"wp:term":[{"taxonomy":"category","embeddable":true,"href":"https:\/\/www.radiomoradebre.cat\/wp\/wp-json\/wp\/v2\/categories?post=49892"},{"taxonomy":"post_tag","embeddable":true,"href":"https:\/\/www.radiomoradebre.cat\/wp\/wp-json\/wp\/v2\/tags?post=49892"}],"curies":[{"name":"wp","href":"https:\/\/api.w.org\/{rel}","templated":true}]}}