
{"id":48958,"date":"2023-04-12T11:17:56","date_gmt":"2023-04-12T09:17:56","guid":{"rendered":"https:\/\/www.radiomoradebre.cat\/wp\/?p=48958"},"modified":"2023-04-12T11:17:56","modified_gmt":"2023-04-12T09:17:56","slug":"linformatiu-de-lhora-mora-debre-amb-albert-fuertes-i-laura-cruz-12-04-23","status":"publish","type":"post","link":"https:\/\/www.radiomoradebre.cat\/wp\/2023\/04\/12\/linformatiu-de-lhora-mora-debre-amb-albert-fuertes-i-laura-cruz-12-04-23\/","title":{"rendered":"L\u2019INFORMATIU DE L\u2019HORA M\u00d3RA D\u2019EBRE amb Albert Fuertes i Laura Cruz (12-04-23)"},"content":{"rendered":"\n<p><strong><em>Les not\u00edcies d\u2019actualitat a les nostres comarques: La Ribera d\u2019Ebre, la Terra Alta i el Priorat i la previsi\u00f3 del temps amb l\u2019Enric Masip.<\/em><\/strong><\/p>\n\n\n\n<p><strong><em>Els titulars:<\/em><\/strong><\/p>\n\n\n\n<ul class=\"wp-block-list\">\n<li><strong><em>Protecci\u00f3 civil provar\u00e0 sistemes d&#8217;alertes de telefonia m\u00f2bil avui 12 d&#8217;abril a les Terres de l&#8217;Ebre.<\/em><\/strong><\/li>\n\n\n\n<li><strong><em>Fem POBLE AMUNT &#8211; CUP M\u00f3ra d&#8217;Ebre organitza una assemblea oberta.<\/em><\/strong><\/li>\n\n\n\n<li><strong><em>Falset<\/em><\/strong> <strong><em>acull per 3a vegada el Congr\u00e9s de la Jota als territoris de parla catalana.<\/em><\/strong><\/li>\n\n\n\n<li><strong><em>L&#8217;Ag\u00e8ncia Tribut\u00e0ria d\u00f3na el tret de sortida aquest dimarts a la campanya de la renda 2022.<\/em><\/strong><\/li>\n\n\n\n<li><strong><em>Arrenca la preinscripci\u00f3 dels ensenyaments postobligatoris amb els cicles de formaci\u00f3 professional de grau mitj\u00e0 amb els cicles d&#8217;arts pl\u00e0stiques i disseny de grau mitj\u00e0.<\/em><\/strong><\/li>\n\n\n\n<li><strong><em>El govern espanyol repartir\u00e0 2.800 milions d&#8217;euros per a pol\u00edtiques actives d&#8217;ocupaci\u00f3.<\/em><\/strong><\/li>\n<\/ul>\n\n\n\n<figure class=\"wp-block-audio\"><audio controls src=\"https:\/\/www.radiomoradebre.cat\/wp\/wp-content\/uploads\/2023\/04\/INFORMATIU-12-04-23.mp3\"><\/audio><\/figure>\n\n\n\n<figure class=\"wp-block-image size-full\"><a href=\"https:\/\/www.radiomoradebre.cat\/wp\/wp-content\/uploads\/2023\/04\/PLANTILLA-FACEBOOK-26.png\"><img loading=\"lazy\" decoding=\"async\" width=\"940\" height=\"788\" src=\"https:\/\/www.radiomoradebre.cat\/wp\/wp-content\/uploads\/2023\/04\/PLANTILLA-FACEBOOK-26.png\" alt=\"\" class=\"wp-image-48960\" srcset=\"https:\/\/www.radiomoradebre.cat\/wp\/wp-content\/uploads\/2023\/04\/PLANTILLA-FACEBOOK-26.png 940w, https:\/\/www.radiomoradebre.cat\/wp\/wp-content\/uploads\/2023\/04\/PLANTILLA-FACEBOOK-26-300x251.png 300w, https:\/\/www.radiomoradebre.cat\/wp\/wp-content\/uploads\/2023\/04\/PLANTILLA-FACEBOOK-26-768x644.png 768w\" sizes=\"auto, (max-width: 940px) 100vw, 940px\" \/><\/a><\/figure>\n","protected":false},"excerpt":{"rendered":"<p>Les not\u00edcies d\u2019actualitat a les nostres comarques: La Ribera d\u2019Ebre, la Terra Alta i el Priorat i la previsi\u00f3 del temps amb l\u2019Enric Masip. Els titulars:<\/p>\n","protected":false},"author":3,"featured_media":0,"comment_status":"closed","ping_status":"open","sticky":false,"template":"","format":"standard","meta":{"footnotes":""},"categories":[16,2,8],"tags":[],"class_list":["post-48958","post","type-post","status-publish","format-standard","hentry","category-informatius","category-noticies","category-programes"],"_links":{"self":[{"href":"https:\/\/www.radiomoradebre.cat\/wp\/wp-json\/wp\/v2\/posts\/48958","targetHints":{"allow":["GET"]}}],"collection":[{"href":"https:\/\/www.radiomoradebre.cat\/wp\/wp-json\/wp\/v2\/posts"}],"about":[{"href":"https:\/\/www.radiomoradebre.cat\/wp\/wp-json\/wp\/v2\/types\/post"}],"author":[{"embeddable":true,"href":"https:\/\/www.radiomoradebre.cat\/wp\/wp-json\/wp\/v2\/users\/3"}],"replies":[{"embeddable":true,"href":"https:\/\/www.radiomoradebre.cat\/wp\/wp-json\/wp\/v2\/comments?post=48958"}],"version-history":[{"count":1,"href":"https:\/\/www.radiomoradebre.cat\/wp\/wp-json\/wp\/v2\/posts\/48958\/revisions"}],"predecessor-version":[{"id":48961,"href":"https:\/\/www.radiomoradebre.cat\/wp\/wp-json\/wp\/v2\/posts\/48958\/revisions\/48961"}],"wp:attachment":[{"href":"https:\/\/www.radiomoradebre.cat\/wp\/wp-json\/wp\/v2\/media?parent=48958"}],"wp:term":[{"taxonomy":"category","embeddable":true,"href":"https:\/\/www.radiomoradebre.cat\/wp\/wp-json\/wp\/v2\/categories?post=48958"},{"taxonomy":"post_tag","embeddable":true,"href":"https:\/\/www.radiomoradebre.cat\/wp\/wp-json\/wp\/v2\/tags?post=48958"}],"curies":[{"name":"wp","href":"https:\/\/api.w.org\/{rel}","templated":true}]}}