
{"id":4766,"date":"2013-10-11T10:59:56","date_gmt":"2013-10-11T08:59:56","guid":{"rendered":"http:\/\/radiomoradebre.cat\/wp\/?p=4766"},"modified":"2013-10-11T10:59:56","modified_gmt":"2013-10-11T08:59:56","slug":"mora-la-nova-aprova-laddenda-del-consorci-de-residus","status":"publish","type":"post","link":"https:\/\/www.radiomoradebre.cat\/wp\/2013\/10\/11\/mora-la-nova-aprova-laddenda-del-consorci-de-residus\/","title":{"rendered":"M\u00f3ra la Nova aprova l&#8217;addenda del Consorci de residus."},"content":{"rendered":"<p><strong><em>El ple de M\u00f3ra la Nova d\u2019ahir tamb\u00e9 va servir per aprovar la signatura de la nova addenda que han de signar els diferents municipis del Consorci de Residus de la Ribera d\u2019Ebre, Terra Alta i el Priorat. <\/em><\/strong><\/p>\n<p>Una aprovaci\u00f3 que no va contar amb el suport del grup municipal d\u2019Esquerra Republicana, que hi va votar en contra. El seu representant, Jes\u00fas \u00c1lvarez va qualificar la mesura de coacci\u00f3 directa als ajuntaments:<\/p>\n<p><a href=\"http:\/\/radiomoradebre.cat\/wp\/wp-content\/uploads\/2013\/10\/JESUS-ALVAREZ-10-10-ADDENDA-CONSORCI-COACCIOMP3.mp3\">JESUS ALVAREZ 10-10 ADDENDA CONSORCI COACCIO.MP3<\/a><\/p>\n<p>Finalment cal remarcar que el ple tamb\u00e9 va aprovar per unanimitat la moci\u00f3 presentada per ERC en la que es demanava l\u2019aturada definitiva i el desmantellament del projecte Castor.<\/p>\n<p><a href=\"http:\/\/radiomoradebre.cat\/wp\/wp-content\/uploads\/2013\/10\/PLE-Ajuntament-M\u00f3ra-la-Nova-10-10-2013.jpg\"><img loading=\"lazy\" decoding=\"async\" class=\"size-medium wp-image-4767 aligncenter\" alt=\"PLE Ajuntament M\u00f3ra la Nova 10-10-2013\" src=\"http:\/\/radiomoradebre.cat\/wp\/wp-content\/uploads\/2013\/10\/PLE-Ajuntament-M\u00f3ra-la-Nova-10-10-2013-300x168.jpg\" width=\"300\" height=\"168\" srcset=\"https:\/\/www.radiomoradebre.cat\/wp\/wp-content\/uploads\/2013\/10\/PLE-Ajuntament-M\u00f3ra-la-Nova-10-10-2013-300x168.jpg 300w, https:\/\/www.radiomoradebre.cat\/wp\/wp-content\/uploads\/2013\/10\/PLE-Ajuntament-M\u00f3ra-la-Nova-10-10-2013-1024x576.jpg 1024w\" sizes=\"auto, (max-width: 300px) 100vw, 300px\" \/><\/a><\/p>\n<p>&nbsp;<\/p>\n","protected":false},"excerpt":{"rendered":"<p>El ple de M\u00f3ra la Nova d\u2019ahir tamb\u00e9 va servir per aprovar la signatura de la nova addenda que han de signar els diferents municipis del Consorci de Residus de la Ribera d\u2019Ebre, Terra Alta i el Priorat. Una aprovaci\u00f3 &hellip; <a href=\"https:\/\/www.radiomoradebre.cat\/wp\/2013\/10\/11\/mora-la-nova-aprova-laddenda-del-consorci-de-residus\/\">Continue reading <span class=\"meta-nav\">&rarr;<\/span><\/a><\/p>\n","protected":false},"author":3,"featured_media":0,"comment_status":"closed","ping_status":"open","sticky":false,"template":"","format":"standard","meta":{"footnotes":""},"categories":[2],"tags":[1955,1081,2046,83,49,677,96,26],"class_list":["post-4766","post","type-post","status-publish","format-standard","hentry","category-noticies","tag-addenda","tag-consorci","tag-jesus-alvarez","tag-mora-la-nova","tag-priorat","tag-residus","tag-ribera-debre","tag-terra-alta"],"_links":{"self":[{"href":"https:\/\/www.radiomoradebre.cat\/wp\/wp-json\/wp\/v2\/posts\/4766","targetHints":{"allow":["GET"]}}],"collection":[{"href":"https:\/\/www.radiomoradebre.cat\/wp\/wp-json\/wp\/v2\/posts"}],"about":[{"href":"https:\/\/www.radiomoradebre.cat\/wp\/wp-json\/wp\/v2\/types\/post"}],"author":[{"embeddable":true,"href":"https:\/\/www.radiomoradebre.cat\/wp\/wp-json\/wp\/v2\/users\/3"}],"replies":[{"embeddable":true,"href":"https:\/\/www.radiomoradebre.cat\/wp\/wp-json\/wp\/v2\/comments?post=4766"}],"version-history":[{"count":1,"href":"https:\/\/www.radiomoradebre.cat\/wp\/wp-json\/wp\/v2\/posts\/4766\/revisions"}],"predecessor-version":[{"id":4768,"href":"https:\/\/www.radiomoradebre.cat\/wp\/wp-json\/wp\/v2\/posts\/4766\/revisions\/4768"}],"wp:attachment":[{"href":"https:\/\/www.radiomoradebre.cat\/wp\/wp-json\/wp\/v2\/media?parent=4766"}],"wp:term":[{"taxonomy":"category","embeddable":true,"href":"https:\/\/www.radiomoradebre.cat\/wp\/wp-json\/wp\/v2\/categories?post=4766"},{"taxonomy":"post_tag","embeddable":true,"href":"https:\/\/www.radiomoradebre.cat\/wp\/wp-json\/wp\/v2\/tags?post=4766"}],"curies":[{"name":"wp","href":"https:\/\/api.w.org\/{rel}","templated":true}]}}