
{"id":46843,"date":"2022-04-26T17:52:21","date_gmt":"2022-04-26T15:52:21","guid":{"rendered":"https:\/\/www.radiomoradebre.cat\/wp\/?p=46843"},"modified":"2022-04-26T17:52:22","modified_gmt":"2022-04-26T15:52:22","slug":"entrevista-amb-mossen-soriano-oscar-fortuno-i-victor-latorre-sant-jeroni-2022","status":"publish","type":"post","link":"https:\/\/www.radiomoradebre.cat\/wp\/2022\/04\/26\/entrevista-amb-mossen-soriano-oscar-fortuno-i-victor-latorre-sant-jeroni-2022\/","title":{"rendered":"Entrevista amb moss\u00e8n Soriano, Oscar Fortu\u00f1o i V\u00edctor Latorre &#8211; Sant Jeroni 2022"},"content":{"rendered":"\n<p><strong><em>M\u00f3ra d&#8217;Ebre ja escalfa motors per la gran Diada de Sant Jeroni, que arriba aquest diumenge. Per con\u00e8ixer tots els detalls de la festa de dissabte i la diada de diumenge, amb la romeria de Sant Jeroni i el repartiment del ranxo, hem parlat amb amb el president del patronat de Sant Jeroni, moss\u00e8n Soriano, i amb l&#8217;\u00d2scar Fortu\u00f1o i el V\u00edctor Latorre, membres del patronat.<\/em><\/strong><\/p>\n\n\n\n<figure class=\"wp-block-audio\"><audio controls src=\"https:\/\/www.radiomoradebre.cat\/wp\/wp-content\/uploads\/2022\/04\/ENTREVISTA-SANT-JERONI.mp3\"><\/audio><\/figure>\n\n\n\n<figure class=\"wp-block-image size-large\"><a href=\"https:\/\/www.radiomoradebre.cat\/wp\/wp-content\/uploads\/2022\/04\/IMG-4783-scaled.jpg\"><img loading=\"lazy\" decoding=\"async\" width=\"1024\" height=\"768\" src=\"https:\/\/www.radiomoradebre.cat\/wp\/wp-content\/uploads\/2022\/04\/IMG-4783-1024x768.jpg\" alt=\"\" class=\"wp-image-46845\" srcset=\"https:\/\/www.radiomoradebre.cat\/wp\/wp-content\/uploads\/2022\/04\/IMG-4783-1024x768.jpg 1024w, https:\/\/www.radiomoradebre.cat\/wp\/wp-content\/uploads\/2022\/04\/IMG-4783-300x225.jpg 300w, https:\/\/www.radiomoradebre.cat\/wp\/wp-content\/uploads\/2022\/04\/IMG-4783-768x576.jpg 768w, https:\/\/www.radiomoradebre.cat\/wp\/wp-content\/uploads\/2022\/04\/IMG-4783-1536x1152.jpg 1536w, https:\/\/www.radiomoradebre.cat\/wp\/wp-content\/uploads\/2022\/04\/IMG-4783-2048x1536.jpg 2048w\" sizes=\"auto, (max-width: 1024px) 100vw, 1024px\" \/><\/a><\/figure>\n","protected":false},"excerpt":{"rendered":"<p>M\u00f3ra d&#8217;Ebre ja escalfa motors per la gran Diada de Sant Jeroni, que arriba aquest diumenge. Per con\u00e8ixer tots els detalls de la festa de dissabte i la diada de diumenge, amb la romeria de Sant Jeroni i el repartiment &hellip; <a href=\"https:\/\/www.radiomoradebre.cat\/wp\/2022\/04\/26\/entrevista-amb-mossen-soriano-oscar-fortuno-i-victor-latorre-sant-jeroni-2022\/\">Continue reading <span class=\"meta-nav\">&rarr;<\/span><\/a><\/p>\n","protected":false},"author":3,"featured_media":0,"comment_status":"closed","ping_status":"open","sticky":false,"template":"","format":"standard","meta":{"footnotes":""},"categories":[2],"tags":[4094,28147,7530,14561,377,28148],"class_list":["post-46843","post","type-post","status-publish","format-standard","hentry","category-noticies","tag-festes","tag-mossen-soriano-2","tag-oscar-fortuno","tag-ranxo","tag-sant-jeroni","tag-victor-latorre"],"_links":{"self":[{"href":"https:\/\/www.radiomoradebre.cat\/wp\/wp-json\/wp\/v2\/posts\/46843","targetHints":{"allow":["GET"]}}],"collection":[{"href":"https:\/\/www.radiomoradebre.cat\/wp\/wp-json\/wp\/v2\/posts"}],"about":[{"href":"https:\/\/www.radiomoradebre.cat\/wp\/wp-json\/wp\/v2\/types\/post"}],"author":[{"embeddable":true,"href":"https:\/\/www.radiomoradebre.cat\/wp\/wp-json\/wp\/v2\/users\/3"}],"replies":[{"embeddable":true,"href":"https:\/\/www.radiomoradebre.cat\/wp\/wp-json\/wp\/v2\/comments?post=46843"}],"version-history":[{"count":1,"href":"https:\/\/www.radiomoradebre.cat\/wp\/wp-json\/wp\/v2\/posts\/46843\/revisions"}],"predecessor-version":[{"id":46846,"href":"https:\/\/www.radiomoradebre.cat\/wp\/wp-json\/wp\/v2\/posts\/46843\/revisions\/46846"}],"wp:attachment":[{"href":"https:\/\/www.radiomoradebre.cat\/wp\/wp-json\/wp\/v2\/media?parent=46843"}],"wp:term":[{"taxonomy":"category","embeddable":true,"href":"https:\/\/www.radiomoradebre.cat\/wp\/wp-json\/wp\/v2\/categories?post=46843"},{"taxonomy":"post_tag","embeddable":true,"href":"https:\/\/www.radiomoradebre.cat\/wp\/wp-json\/wp\/v2\/tags?post=46843"}],"curies":[{"name":"wp","href":"https:\/\/api.w.org\/{rel}","templated":true}]}}