
{"id":46629,"date":"2022-03-14T12:40:03","date_gmt":"2022-03-14T11:40:03","guid":{"rendered":"https:\/\/www.radiomoradebre.cat\/wp\/?p=46629"},"modified":"2022-03-14T12:40:04","modified_gmt":"2022-03-14T11:40:04","slug":"entrevista-fina-ambros-barreres-fora-14-3-22","status":"publish","type":"post","link":"https:\/\/www.radiomoradebre.cat\/wp\/2022\/03\/14\/entrevista-fina-ambros-barreres-fora-14-3-22\/","title":{"rendered":"Entrevista Fina Ambr\u00f3s &#8211; Barreres Fora (14-3-22)"},"content":{"rendered":"\n<p>HORA M\u00d3RA D&#8217;EBRE. Parlem amb Fina Ambr\u00f3s, presidenta de l&#8217;entitat Barreres Fora. Ens explica els projectes amb els que l&#8217;entitat treballa per trencar les barreres arquitect\u00f2niques del territori i tamb\u00e9 ens convida a gaudir del mon\u00f2leg &#8220;Posa un discapacitat a la teva vida&#8221; que han organitzat per este diumenge a M\u00f3ra d&#8217;Ebre amb en Marc Buxaderas. <\/p>\n\n\n\n<figure class=\"wp-block-audio\"><audio controls src=\"https:\/\/www.radiomoradebre.cat\/wp\/wp-content\/uploads\/2022\/03\/ENTREVISTA-FINA-AMBROS-14-3-22-BARRERES-FORA.mp3\"><\/audio><\/figure>\n\n\n\n<figure class=\"wp-block-image size-large\"><a href=\"https:\/\/www.radiomoradebre.cat\/wp\/wp-content\/uploads\/2022\/03\/barreres-fora-monoleg.jpg\"><img loading=\"lazy\" decoding=\"async\" width=\"1024\" height=\"682\" src=\"https:\/\/www.radiomoradebre.cat\/wp\/wp-content\/uploads\/2022\/03\/barreres-fora-monoleg-1024x682.jpg\" alt=\"\" class=\"wp-image-46631\" srcset=\"https:\/\/www.radiomoradebre.cat\/wp\/wp-content\/uploads\/2022\/03\/barreres-fora-monoleg-1024x682.jpg 1024w, https:\/\/www.radiomoradebre.cat\/wp\/wp-content\/uploads\/2022\/03\/barreres-fora-monoleg-300x200.jpg 300w, https:\/\/www.radiomoradebre.cat\/wp\/wp-content\/uploads\/2022\/03\/barreres-fora-monoleg-768x512.jpg 768w, https:\/\/www.radiomoradebre.cat\/wp\/wp-content\/uploads\/2022\/03\/barreres-fora-monoleg-1536x1023.jpg 1536w, https:\/\/www.radiomoradebre.cat\/wp\/wp-content\/uploads\/2022\/03\/barreres-fora-monoleg.jpg 1600w\" sizes=\"auto, (max-width: 1024px) 100vw, 1024px\" \/><\/a><\/figure>\n","protected":false},"excerpt":{"rendered":"<p>HORA M\u00d3RA D&#8217;EBRE. Parlem amb Fina Ambr\u00f3s, presidenta de l&#8217;entitat Barreres Fora. Ens explica els projectes amb els que l&#8217;entitat treballa per trencar les barreres arquitect\u00f2niques del territori i tamb\u00e9 ens convida a gaudir del mon\u00f2leg &#8220;Posa un discapacitat a &hellip; <a href=\"https:\/\/www.radiomoradebre.cat\/wp\/2022\/03\/14\/entrevista-fina-ambros-barreres-fora-14-3-22\/\">Continue reading <span class=\"meta-nav\">&rarr;<\/span><\/a><\/p>\n","protected":false},"author":3,"featured_media":0,"comment_status":"closed","ping_status":"open","sticky":false,"template":"","format":"standard","meta":{"footnotes":""},"categories":[12],"tags":[6582,9290,18854,7102,1492,1966,9424,18853,21,9426,33,197,13876,2695,28009,28010,57],"class_list":["post-46629","post","type-post","status-publish","format-standard","hentry","category-horamoradebre","tag-barreres-arquitectoniques","tag-barreres-fora","tag-boccia","tag-carlos-brull","tag-carlos-luz","tag-discapacitat","tag-discapacitat-fisica","tag-diversitat-funcional","tag-falset","tag-fina-ambros","tag-fontcalda","tag-gandesa","tag-humor","tag-la-llanterna-teatre-municipal","tag-marc-buxaderas","tag-monoleg","tag-mora-debre"],"_links":{"self":[{"href":"https:\/\/www.radiomoradebre.cat\/wp\/wp-json\/wp\/v2\/posts\/46629","targetHints":{"allow":["GET"]}}],"collection":[{"href":"https:\/\/www.radiomoradebre.cat\/wp\/wp-json\/wp\/v2\/posts"}],"about":[{"href":"https:\/\/www.radiomoradebre.cat\/wp\/wp-json\/wp\/v2\/types\/post"}],"author":[{"embeddable":true,"href":"https:\/\/www.radiomoradebre.cat\/wp\/wp-json\/wp\/v2\/users\/3"}],"replies":[{"embeddable":true,"href":"https:\/\/www.radiomoradebre.cat\/wp\/wp-json\/wp\/v2\/comments?post=46629"}],"version-history":[{"count":1,"href":"https:\/\/www.radiomoradebre.cat\/wp\/wp-json\/wp\/v2\/posts\/46629\/revisions"}],"predecessor-version":[{"id":46632,"href":"https:\/\/www.radiomoradebre.cat\/wp\/wp-json\/wp\/v2\/posts\/46629\/revisions\/46632"}],"wp:attachment":[{"href":"https:\/\/www.radiomoradebre.cat\/wp\/wp-json\/wp\/v2\/media?parent=46629"}],"wp:term":[{"taxonomy":"category","embeddable":true,"href":"https:\/\/www.radiomoradebre.cat\/wp\/wp-json\/wp\/v2\/categories?post=46629"},{"taxonomy":"post_tag","embeddable":true,"href":"https:\/\/www.radiomoradebre.cat\/wp\/wp-json\/wp\/v2\/tags?post=46629"}],"curies":[{"name":"wp","href":"https:\/\/api.w.org\/{rel}","templated":true}]}}