
{"id":46158,"date":"2021-12-20T14:26:16","date_gmt":"2021-12-20T13:26:16","guid":{"rendered":"https:\/\/www.radiomoradebre.cat\/wp\/?p=46158"},"modified":"2021-12-20T14:26:17","modified_gmt":"2021-12-20T13:26:17","slug":"el-marcador-20-12-21","status":"publish","type":"post","link":"https:\/\/www.radiomoradebre.cat\/wp\/2021\/12\/20\/el-marcador-20-12-21\/","title":{"rendered":"El Marcador (20-12-21)"},"content":{"rendered":"\n<p>EL MARCADOR. \u00daltim programa de l&#8217;any d&#8217;esports amb Francesc Granell que ens porta els resultats de la darrera jornada de competici\u00f3 al territori. Un espai amb el suport de Grau Blad\u00e9 Agroqu\u00edmics. <\/p>\n\n\n\n<figure class=\"wp-block-audio\"><audio controls src=\"https:\/\/www.radiomoradebre.cat\/wp\/wp-content\/uploads\/2021\/12\/MARCADOR-20-12-21.mp3\"><\/audio><\/figure>\n\n\n\n<figure class=\"wp-block-image size-large\"><a href=\"https:\/\/www.radiomoradebre.cat\/wp\/wp-content\/uploads\/2020\/01\/IMG_5653-scaled.jpg\"><img loading=\"lazy\" decoding=\"async\" width=\"1024\" height=\"768\" src=\"https:\/\/www.radiomoradebre.cat\/wp\/wp-content\/uploads\/2020\/01\/IMG_5653-1024x768.jpg\" alt=\"\" class=\"wp-image-40100\" srcset=\"https:\/\/www.radiomoradebre.cat\/wp\/wp-content\/uploads\/2020\/01\/IMG_5653-1024x768.jpg 1024w, https:\/\/www.radiomoradebre.cat\/wp\/wp-content\/uploads\/2020\/01\/IMG_5653-300x225.jpg 300w, https:\/\/www.radiomoradebre.cat\/wp\/wp-content\/uploads\/2020\/01\/IMG_5653-768x576.jpg 768w, https:\/\/www.radiomoradebre.cat\/wp\/wp-content\/uploads\/2020\/01\/IMG_5653-1536x1152.jpg 1536w, https:\/\/www.radiomoradebre.cat\/wp\/wp-content\/uploads\/2020\/01\/IMG_5653-2048x1536.jpg 2048w\" sizes=\"auto, (max-width: 1024px) 100vw, 1024px\" \/><\/a><figcaption>IMATGE. Francesc Granell. <\/figcaption><\/figure>\n","protected":false},"excerpt":{"rendered":"<p>EL MARCADOR. \u00daltim programa de l&#8217;any d&#8217;esports amb Francesc Granell que ens porta els resultats de la darrera jornada de competici\u00f3 al territori. Un espai amb el suport de Grau Blad\u00e9 Agroqu\u00edmics.<\/p>\n","protected":false},"author":3,"featured_media":0,"comment_status":"closed","ping_status":"open","sticky":false,"template":"","format":"standard","meta":{"footnotes":""},"categories":[12],"tags":[20263,15509,900,1355,23295,15510,15527,15513,5872,22021,7242,15516,23730,13030,1060,1598,901,22600,27260,3581,15697,27395,27255,15695,1265,4874,2380,17992,6469,5350,27605,27606,14813,13257,27010,23747,4873,23297,15694,20474,14915,6523,14916,14914,11991,27007],"class_list":["post-46158","post","type-post","status-publish","format-standard","hentry","category-horamoradebre","tag-alejandro-pineiro","tag-arnes-club-esportiu","tag-atletics-mora-la-nova","tag-basquet","tag-carles-saladie","tag-cd-benissanet","tag-cd-ginestar","tag-ce-la-fatarella","tag-cf-gandesa","tag-cf-gandesa-b","tag-cf-pinell","tag-cfs-mora-debre","tag-covid19","tag-el-marcador","tag-esports","tag-falset-esportiu","tag-fc-asco","tag-femeni-amateur-f7","tag-flix-futbol-sala-b","tag-francesc-granell","tag-fs-capcanes","tag-fs-danica-vinos-batea","tag-fs-els-guiamets","tag-fs-tivissa","tag-futbol","tag-futbol-femeni","tag-futbol-sala","tag-futbol-sala-asco","tag-futbol-sala-femeni","tag-german-ingles","tag-gumiel","tag-hassan","tag-je-mora-la-nova","tag-marcador","tag-masroig-futsal","tag-pandemia","tag-paola-soldevila","tag-peniscola","tag-priorat-nord","tag-quarta-catalana-futbol","tag-segona-catalana-futbol","tag-tennis-taula","tag-tercera-catalana-futbol","tag-tercera-divisio-futbol","tag-unio-esportiva-porrera","tag-villarreal-femeni"],"_links":{"self":[{"href":"https:\/\/www.radiomoradebre.cat\/wp\/wp-json\/wp\/v2\/posts\/46158","targetHints":{"allow":["GET"]}}],"collection":[{"href":"https:\/\/www.radiomoradebre.cat\/wp\/wp-json\/wp\/v2\/posts"}],"about":[{"href":"https:\/\/www.radiomoradebre.cat\/wp\/wp-json\/wp\/v2\/types\/post"}],"author":[{"embeddable":true,"href":"https:\/\/www.radiomoradebre.cat\/wp\/wp-json\/wp\/v2\/users\/3"}],"replies":[{"embeddable":true,"href":"https:\/\/www.radiomoradebre.cat\/wp\/wp-json\/wp\/v2\/comments?post=46158"}],"version-history":[{"count":1,"href":"https:\/\/www.radiomoradebre.cat\/wp\/wp-json\/wp\/v2\/posts\/46158\/revisions"}],"predecessor-version":[{"id":46160,"href":"https:\/\/www.radiomoradebre.cat\/wp\/wp-json\/wp\/v2\/posts\/46158\/revisions\/46160"}],"wp:attachment":[{"href":"https:\/\/www.radiomoradebre.cat\/wp\/wp-json\/wp\/v2\/media?parent=46158"}],"wp:term":[{"taxonomy":"category","embeddable":true,"href":"https:\/\/www.radiomoradebre.cat\/wp\/wp-json\/wp\/v2\/categories?post=46158"},{"taxonomy":"post_tag","embeddable":true,"href":"https:\/\/www.radiomoradebre.cat\/wp\/wp-json\/wp\/v2\/tags?post=46158"}],"curies":[{"name":"wp","href":"https:\/\/api.w.org\/{rel}","templated":true}]}}