
{"id":46107,"date":"2021-12-07T14:05:45","date_gmt":"2021-12-07T13:05:45","guid":{"rendered":"https:\/\/www.radiomoradebre.cat\/wp\/?p=46107"},"modified":"2021-12-07T14:05:46","modified_gmt":"2021-12-07T13:05:46","slug":"el-marcador-amb-aleix-marti-del-fs-els-guiamets-7-12-21","status":"publish","type":"post","link":"https:\/\/www.radiomoradebre.cat\/wp\/2021\/12\/07\/el-marcador-amb-aleix-marti-del-fs-els-guiamets-7-12-21\/","title":{"rendered":"El Marcador amb Aleix Mart\u00ed del FS els Guiamets (7-12-21)"},"content":{"rendered":"\n<p>EL MARCADOR. Francesc Granell ens acompanya en aquest programa d&#8217;esports de dimarts on conversem amb l&#8217;Aleix Mart\u00ed jugador del Futbol Sala els Guiamets que segueixen invictes a la segona divisi\u00f3 catalana de futbol sala. Un espai amb el suport de Grau Blad\u00e9 Agroqu\u00edmics. <\/p>\n\n\n\n<figure class=\"wp-block-audio\"><audio controls src=\"https:\/\/www.radiomoradebre.cat\/wp\/wp-content\/uploads\/2021\/12\/MARCADOR-7-12-21-ALEIX-MARTI.mp3\"><\/audio><\/figure>\n\n\n\n<figure class=\"wp-block-image size-full\"><a href=\"https:\/\/www.radiomoradebre.cat\/wp\/wp-content\/uploads\/2021\/12\/WhatsApp-Image-2021-12-07-at-13.49.19.jpeg\"><img loading=\"lazy\" decoding=\"async\" width=\"1024\" height=\"768\" src=\"https:\/\/www.radiomoradebre.cat\/wp\/wp-content\/uploads\/2021\/12\/WhatsApp-Image-2021-12-07-at-13.49.19.jpeg\" alt=\"\" class=\"wp-image-46111\" srcset=\"https:\/\/www.radiomoradebre.cat\/wp\/wp-content\/uploads\/2021\/12\/WhatsApp-Image-2021-12-07-at-13.49.19.jpeg 1024w, https:\/\/www.radiomoradebre.cat\/wp\/wp-content\/uploads\/2021\/12\/WhatsApp-Image-2021-12-07-at-13.49.19-300x225.jpeg 300w, https:\/\/www.radiomoradebre.cat\/wp\/wp-content\/uploads\/2021\/12\/WhatsApp-Image-2021-12-07-at-13.49.19-768x576.jpeg 768w\" sizes=\"auto, (max-width: 1024px) 100vw, 1024px\" \/><\/a><figcaption>IMATGE. Francesc Granell amb Aleix Mart\u00ed, jugador del FS Els Guiamets (7-12-2021). <\/figcaption><\/figure>\n","protected":false},"excerpt":{"rendered":"<p>EL MARCADOR. Francesc Granell ens acompanya en aquest programa d&#8217;esports de dimarts on conversem amb l&#8217;Aleix Mart\u00ed jugador del Futbol Sala els Guiamets que segueixen invictes a la segona divisi\u00f3 catalana de futbol sala. Un espai amb el suport de &hellip; <a href=\"https:\/\/www.radiomoradebre.cat\/wp\/2021\/12\/07\/el-marcador-amb-aleix-marti-del-fs-els-guiamets-7-12-21\/\">Continue reading <span class=\"meta-nav\">&rarr;<\/span><\/a><\/p>\n","protected":false},"author":3,"featured_media":0,"comment_status":"closed","ping_status":"open","sticky":false,"template":"","format":"standard","meta":{"footnotes":""},"categories":[12],"tags":[12313,20964,27560,27527,23295,15516,14013,1060,901,3581,15697,27255,22479,15695,1265,4874,2380,17992,27009,6469,7069,1894,14813,27559,13257,4873,25222,49,14914,27007],"class_list":["post-46107","post","type-post","status-publish","format-standard","hentry","category-horamoradebre","tag-albert-segura","tag-aleix-marti","tag-bati","tag-carles-figueres","tag-carles-saladie","tag-cfs-mora-debre","tag-copa-tarragona-futbol-sala","tag-esports","tag-fc-asco","tag-francesc-granell","tag-fs-capcanes","tag-fs-els-guiamets","tag-fs-hostal-de-lanton-batea","tag-fs-tivissa","tag-futbol","tag-futbol-femeni","tag-futbol-sala","tag-futbol-sala-asco","tag-futbol-sala-els-guiamets","tag-futbol-sala-femeni","tag-grau-blade-agroquimics","tag-guiamets","tag-je-mora-la-nova","tag-marc-castellvi","tag-marcador","tag-paola-soldevila","tag-peniscola-globeenergy","tag-priorat","tag-tercera-divisio-futbol","tag-villarreal-femeni"],"_links":{"self":[{"href":"https:\/\/www.radiomoradebre.cat\/wp\/wp-json\/wp\/v2\/posts\/46107","targetHints":{"allow":["GET"]}}],"collection":[{"href":"https:\/\/www.radiomoradebre.cat\/wp\/wp-json\/wp\/v2\/posts"}],"about":[{"href":"https:\/\/www.radiomoradebre.cat\/wp\/wp-json\/wp\/v2\/types\/post"}],"author":[{"embeddable":true,"href":"https:\/\/www.radiomoradebre.cat\/wp\/wp-json\/wp\/v2\/users\/3"}],"replies":[{"embeddable":true,"href":"https:\/\/www.radiomoradebre.cat\/wp\/wp-json\/wp\/v2\/comments?post=46107"}],"version-history":[{"count":1,"href":"https:\/\/www.radiomoradebre.cat\/wp\/wp-json\/wp\/v2\/posts\/46107\/revisions"}],"predecessor-version":[{"id":46112,"href":"https:\/\/www.radiomoradebre.cat\/wp\/wp-json\/wp\/v2\/posts\/46107\/revisions\/46112"}],"wp:attachment":[{"href":"https:\/\/www.radiomoradebre.cat\/wp\/wp-json\/wp\/v2\/media?parent=46107"}],"wp:term":[{"taxonomy":"category","embeddable":true,"href":"https:\/\/www.radiomoradebre.cat\/wp\/wp-json\/wp\/v2\/categories?post=46107"},{"taxonomy":"post_tag","embeddable":true,"href":"https:\/\/www.radiomoradebre.cat\/wp\/wp-json\/wp\/v2\/tags?post=46107"}],"curies":[{"name":"wp","href":"https:\/\/api.w.org\/{rel}","templated":true}]}}