
{"id":45119,"date":"2021-04-27T14:52:51","date_gmt":"2021-04-27T12:52:51","guid":{"rendered":"https:\/\/www.radiomoradebre.cat\/wp\/?p=45119"},"modified":"2021-04-27T14:52:52","modified_gmt":"2021-04-27T12:52:52","slug":"dones-del-mon-rural-associacio-de-dones-del-mon-rural27-4-21","status":"publish","type":"post","link":"https:\/\/www.radiomoradebre.cat\/wp\/2021\/04\/27\/dones-del-mon-rural-associacio-de-dones-del-mon-rural27-4-21\/","title":{"rendered":"Dones del m\u00f3n rural &#8211; Associaci\u00f3 de Dones del m\u00f3n rural(27-4-21)"},"content":{"rendered":"\n<p>DONES DEL M\u00d3N RURAL. En la segona entrega del programa d&#8217;aquest espai coprodu\u00eft per les emissores de la SER a les Terres de l\u2019Ebre coneixem millor a l&#8217;entitat Dones del m\u00f3n rural al territori de la m\u00e0 de Rosabel Arb\u00f3, Rosa Domenech, Montse de Castro i Marcel\u00b7la Otamendi. <\/p>\n\n\n\n<figure class=\"wp-block-audio\"><audio controls src=\"https:\/\/www.radiomoradebre.cat\/wp\/wp-content\/uploads\/2021\/04\/DONES-MON-RURAL-2-27-04-ENTITAT-DONES-MON-RURAL.mp3\"><\/audio><\/figure>\n\n\n\n<figure class=\"wp-block-image size-large\"><a href=\"https:\/\/www.radiomoradebre.cat\/wp\/wp-content\/uploads\/2021\/04\/WhatsApp-Image-2021-04-27-at-13.10.46.jpeg\"><img loading=\"lazy\" decoding=\"async\" width=\"1024\" height=\"768\" src=\"https:\/\/www.radiomoradebre.cat\/wp\/wp-content\/uploads\/2021\/04\/WhatsApp-Image-2021-04-27-at-13.10.46-1024x768.jpeg\" alt=\"\" class=\"wp-image-45121\" srcset=\"https:\/\/www.radiomoradebre.cat\/wp\/wp-content\/uploads\/2021\/04\/WhatsApp-Image-2021-04-27-at-13.10.46-1024x768.jpeg 1024w, https:\/\/www.radiomoradebre.cat\/wp\/wp-content\/uploads\/2021\/04\/WhatsApp-Image-2021-04-27-at-13.10.46-300x225.jpeg 300w, https:\/\/www.radiomoradebre.cat\/wp\/wp-content\/uploads\/2021\/04\/WhatsApp-Image-2021-04-27-at-13.10.46-768x576.jpeg 768w, https:\/\/www.radiomoradebre.cat\/wp\/wp-content\/uploads\/2021\/04\/WhatsApp-Image-2021-04-27-at-13.10.46-1536x1152.jpeg 1536w, https:\/\/www.radiomoradebre.cat\/wp\/wp-content\/uploads\/2021\/04\/WhatsApp-Image-2021-04-27-at-13.10.46.jpeg 2048w\" sizes=\"auto, (max-width: 1024px) 100vw, 1024px\" \/><\/a><figcaption>IMATGE. Rosabel Arb\u00f3, Rosa Domenech, Montse de Castro i Marcel\u00b7la Otamendi als estudis de R\u00e0dio Ebre SER. <\/figcaption><\/figure>\n","protected":false},"excerpt":{"rendered":"<p>DONES DEL M\u00d3N RURAL. En la segona entrega del programa d&#8217;aquest espai coprodu\u00eft per les emissores de la SER a les Terres de l\u2019Ebre coneixem millor a l&#8217;entitat Dones del m\u00f3n rural al territori de la m\u00e0 de Rosabel Arb\u00f3, &hellip; <a href=\"https:\/\/www.radiomoradebre.cat\/wp\/2021\/04\/27\/dones-del-mon-rural-associacio-de-dones-del-mon-rural27-4-21\/\">Continue reading <span class=\"meta-nav\">&rarr;<\/span><\/a><\/p>\n","protected":false},"author":3,"featured_media":0,"comment_status":"closed","ping_status":"open","sticky":false,"template":"","format":"standard","meta":{"footnotes":""},"categories":[12],"tags":[1095,12316,466,26068,203,314,2410,26248,26070,625,26251,23399,13377,1080,3078,96,15300,26249,26252,26,270,1324],"class_list":["post-45119","post","type-post","status-publish","format-standard","hentry","category-horamoradebre","tag-agricultura","tag-ajuts-leader","tag-baix-ebre","tag-bemo","tag-cis","tag-dona","tag-dones","tag-dones-del-mon-rural","tag-dones-mon-rural","tag-emprenedoria","tag-marcella-otamendi","tag-mon-rural","tag-montse-de-castro","tag-montsia","tag-ramaderia","tag-ribera-debre","tag-rosa-domenech","tag-rosabel-arbo","tag-sostre-vidre","tag-terra-alta","tag-terres-de-lebre","tag-treball"],"_links":{"self":[{"href":"https:\/\/www.radiomoradebre.cat\/wp\/wp-json\/wp\/v2\/posts\/45119","targetHints":{"allow":["GET"]}}],"collection":[{"href":"https:\/\/www.radiomoradebre.cat\/wp\/wp-json\/wp\/v2\/posts"}],"about":[{"href":"https:\/\/www.radiomoradebre.cat\/wp\/wp-json\/wp\/v2\/types\/post"}],"author":[{"embeddable":true,"href":"https:\/\/www.radiomoradebre.cat\/wp\/wp-json\/wp\/v2\/users\/3"}],"replies":[{"embeddable":true,"href":"https:\/\/www.radiomoradebre.cat\/wp\/wp-json\/wp\/v2\/comments?post=45119"}],"version-history":[{"count":1,"href":"https:\/\/www.radiomoradebre.cat\/wp\/wp-json\/wp\/v2\/posts\/45119\/revisions"}],"predecessor-version":[{"id":45122,"href":"https:\/\/www.radiomoradebre.cat\/wp\/wp-json\/wp\/v2\/posts\/45119\/revisions\/45122"}],"wp:attachment":[{"href":"https:\/\/www.radiomoradebre.cat\/wp\/wp-json\/wp\/v2\/media?parent=45119"}],"wp:term":[{"taxonomy":"category","embeddable":true,"href":"https:\/\/www.radiomoradebre.cat\/wp\/wp-json\/wp\/v2\/categories?post=45119"},{"taxonomy":"post_tag","embeddable":true,"href":"https:\/\/www.radiomoradebre.cat\/wp\/wp-json\/wp\/v2\/tags?post=45119"}],"curies":[{"name":"wp","href":"https:\/\/api.w.org\/{rel}","templated":true}]}}