
{"id":43900,"date":"2020-11-26T13:15:33","date_gmt":"2020-11-26T12:15:33","guid":{"rendered":"https:\/\/radiomoradebre.cat\/wp\/?p=43900"},"modified":"2020-11-26T13:15:34","modified_gmt":"2020-11-26T12:15:34","slug":"trepitjant-el-territori-la-via-verda-de-la-terra-alta-26-11-20","status":"publish","type":"post","link":"https:\/\/www.radiomoradebre.cat\/wp\/2020\/11\/26\/trepitjant-el-territori-la-via-verda-de-la-terra-alta-26-11-20\/","title":{"rendered":"Trepitjant el territori &#8211; la via verda de la Terra Alta (26-11-20)"},"content":{"rendered":"\n<p>TREPITJANT EL TERRITORI. Al programa de turisme de proximitat d&#8217;aquesta setmana ens hem apropat fins a l&#8217;actiu tur\u00edstic m\u00e9s visitat de la Terra Alta, la seva via verda. Ens ha acompanyat en aquest viatge en Ramon Rius, t\u00e8cnic de turisme del Consell comarcal de la Terra Alta. <\/p>\n\n\n\n<p>Un espai amb el suport d&#8217;ANAV. <\/p>\n\n\n\n<figure class=\"wp-block-audio\"><audio controls src=\"https:\/\/radiomoradebre.cat\/wp\/wp-content\/uploads\/2020\/11\/TREPITJANT TERRITORI 26-11-20 VIA VERDA TA RAMON RIUS.MP3\"><\/audio><\/figure>\n\n\n\n<figure class=\"wp-block-image size-large\"><img loading=\"lazy\" decoding=\"async\" width=\"1024\" height=\"673\" src=\"https:\/\/radiomoradebre.cat\/wp\/wp-content\/uploads\/2020\/11\/VIA-VERDA-TREPITJANT-1024x673.jpg\" alt=\"\" class=\"wp-image-43901\" srcset=\"https:\/\/www.radiomoradebre.cat\/wp\/wp-content\/uploads\/2020\/11\/VIA-VERDA-TREPITJANT-1024x673.jpg 1024w, https:\/\/www.radiomoradebre.cat\/wp\/wp-content\/uploads\/2020\/11\/VIA-VERDA-TREPITJANT-300x197.jpg 300w, https:\/\/www.radiomoradebre.cat\/wp\/wp-content\/uploads\/2020\/11\/VIA-VERDA-TREPITJANT-768x504.jpg 768w, https:\/\/www.radiomoradebre.cat\/wp\/wp-content\/uploads\/2020\/11\/VIA-VERDA-TREPITJANT-1536x1009.jpg 1536w, https:\/\/www.radiomoradebre.cat\/wp\/wp-content\/uploads\/2020\/11\/VIA-VERDA-TREPITJANT.jpg 1600w\" sizes=\"auto, (max-width: 1024px) 100vw, 1024px\" \/><figcaption>IMATGE WIKILOC. Via verda de la Terra Alta entre Bot i Gandesa. <\/figcaption><\/figure>\n","protected":false},"excerpt":{"rendered":"<p>TREPITJANT EL TERRITORI. Al programa de turisme de proximitat d&#8217;aquesta setmana ens hem apropat fins a l&#8217;actiu tur\u00edstic m\u00e9s visitat de la Terra Alta, la seva via verda. Ens ha acompanyat en aquest viatge en Ramon Rius, t\u00e8cnic de turisme &hellip; <a href=\"https:\/\/www.radiomoradebre.cat\/wp\/2020\/11\/26\/trepitjant-el-territori-la-via-verda-de-la-terra-alta-26-11-20\/\">Continue reading <span class=\"meta-nav\">&rarr;<\/span><\/a><\/p>\n","protected":false},"author":3,"featured_media":0,"comment_status":"closed","ping_status":"open","sticky":false,"template":"","format":"standard","meta":{"footnotes":""},"categories":[12],"tags":[357,1939,860,5692,466,663,32,18295,383,3453,1368,197,404,60,13786,25209,283,25208,22066,3744,26,270,1750,71,25066,7823,25207,212,24106,19902,27,25210,14933],"class_list":["post-43900","post","type-post","status-publish","format-standard","hentry","category-horamoradebre","tag-anav","tag-arago","tag-arnes","tag-associacio-nuclear-asco-vandellos-ii","tag-baix-ebre","tag-bicicleta","tag-bot","tag-cicloturisme","tag-consell-comarcal-terra-alta","tag-els-ports","tag-esport","tag-gandesa","tag-horta-de-sant-joan","tag-idece","tag-invidents","tag-la-fontcalda","tag-pinell-de-brai","tag-ramon-rius","tag-riu-canaletes","tag-senderisme","tag-terra-alta","tag-terres-de-lebre","tag-territori","tag-tortosa","tag-trepitjant","tag-trepitjant-el-territori","tag-trepitjant-territori","tag-turisme","tag-turisme-proximitat","tag-val-de-zafan","tag-via-verda","tag-via-verda-accessible","tag-via-verda-terra-alta"],"_links":{"self":[{"href":"https:\/\/www.radiomoradebre.cat\/wp\/wp-json\/wp\/v2\/posts\/43900","targetHints":{"allow":["GET"]}}],"collection":[{"href":"https:\/\/www.radiomoradebre.cat\/wp\/wp-json\/wp\/v2\/posts"}],"about":[{"href":"https:\/\/www.radiomoradebre.cat\/wp\/wp-json\/wp\/v2\/types\/post"}],"author":[{"embeddable":true,"href":"https:\/\/www.radiomoradebre.cat\/wp\/wp-json\/wp\/v2\/users\/3"}],"replies":[{"embeddable":true,"href":"https:\/\/www.radiomoradebre.cat\/wp\/wp-json\/wp\/v2\/comments?post=43900"}],"version-history":[{"count":1,"href":"https:\/\/www.radiomoradebre.cat\/wp\/wp-json\/wp\/v2\/posts\/43900\/revisions"}],"predecessor-version":[{"id":43902,"href":"https:\/\/www.radiomoradebre.cat\/wp\/wp-json\/wp\/v2\/posts\/43900\/revisions\/43902"}],"wp:attachment":[{"href":"https:\/\/www.radiomoradebre.cat\/wp\/wp-json\/wp\/v2\/media?parent=43900"}],"wp:term":[{"taxonomy":"category","embeddable":true,"href":"https:\/\/www.radiomoradebre.cat\/wp\/wp-json\/wp\/v2\/categories?post=43900"},{"taxonomy":"post_tag","embeddable":true,"href":"https:\/\/www.radiomoradebre.cat\/wp\/wp-json\/wp\/v2\/tags?post=43900"}],"curies":[{"name":"wp","href":"https:\/\/api.w.org\/{rel}","templated":true}]}}