
{"id":4276,"date":"2013-09-18T11:57:57","date_gmt":"2013-09-18T09:57:57","guid":{"rendered":"http:\/\/radiomoradebre.cat\/wp\/?p=4276"},"modified":"2013-09-18T11:57:57","modified_gmt":"2013-09-18T09:57:57","slug":"continua-lenfrontament-entre-la-che-i-la-pde-pel-pla-de-conca-de-lebre","status":"publish","type":"post","link":"https:\/\/www.radiomoradebre.cat\/wp\/2013\/09\/18\/continua-lenfrontament-entre-la-che-i-la-pde-pel-pla-de-conca-de-lebre\/","title":{"rendered":"Continua l&#8217;enfrontament entre la CHE i la PDE pel pla de conca de l&#8217;Ebre."},"content":{"rendered":"<p><em><strong>En una visita ahir al Delta, el president de la CHE, Xavier de Pedro, es va reunir amb la plataforma per tractar d\u2019apropar postures. Per\u00f2 els representants del moviment antitransvassista es van mantenir ferms en el rebuig al cabal ambiental i van reclamar un debat t\u00e8cnic per analitzar-lo.<\/strong><\/em><\/p>\n<p>La Plataforma sost\u00e9 que falta un debat t\u00e8cnic i cient\u00edfic rigor\u00f3s sobre el cabal m\u00ednim i per aix\u00f2 ha demanat al president de la Confederaci\u00f3 una reuni\u00f3 amb el ministre d\u2019Agricultura, Miguel Arias Ca\u00f1ete, i un debat t\u00e8cnic i independent a porta tancada sobre el r\u00e8gim h\u00eddric. Manolo Tom\u00e0s, portaveu de la Plataforma, assegura que si l\u2019Estat no facilita aquest debat, es traslladar\u00e0 la petici\u00f3 a la Comissi\u00f3 Europea.<\/p>\n<audio class=\"wp-audio-shortcode\" id=\"audio-4276-1\" preload=\"none\" style=\"width: 100%;\" controls=\"controls\"><source type=\"audio\/mpeg\" src=\"http:\/\/radiomoradebre.cat\/wp\/wp-content\/uploads\/2013\/09\/TOM\u00c0SPETICIO-DEBAT-1709_.mp3?_=1\" \/><a href=\"http:\/\/radiomoradebre.cat\/wp\/wp-content\/uploads\/2013\/09\/TOM\u00c0SPETICIO-DEBAT-1709_.mp3\">http:\/\/radiomoradebre.cat\/wp\/wp-content\/uploads\/2013\/09\/TOM\u00c0SPETICIO-DEBAT-1709_.mp3<\/a><\/audio>\n<p>Per\u00f2 el president de la CHE, Xavier de Pedro, reitera que el cabal ambiental previst \u00e9s inamovible i suficient per al Delta.<\/p>\n<audio class=\"wp-audio-shortcode\" id=\"audio-4276-2\" preload=\"none\" style=\"width: 100%;\" controls=\"controls\"><source type=\"audio\/mpeg\" src=\"http:\/\/radiomoradebre.cat\/wp\/wp-content\/uploads\/2013\/09\/DE-PEDROAVAN\u00c7AR-CABAL-1709_.mp3?_=2\" \/><a href=\"http:\/\/radiomoradebre.cat\/wp\/wp-content\/uploads\/2013\/09\/DE-PEDROAVAN\u00c7AR-CABAL-1709_.mp3\">http:\/\/radiomoradebre.cat\/wp\/wp-content\/uploads\/2013\/09\/DE-PEDROAVAN\u00c7AR-CABAL-1709_.mp3<\/a><\/audio>\n<p>De Pedro s\u00ed va oferir la col\u00b7laboraci\u00f3 de la Confederaci\u00f3 Hidrogr\u00e0fica en la lluita contra el cargol poma, tot i que sense concretar en quins aspectes es materialitzaria aquesta col\u00b7laboraci\u00f3 i quants diners s\u2019hi destinarien.<\/p>\n","protected":false},"excerpt":{"rendered":"<p>En una visita ahir al Delta, el president de la CHE, Xavier de Pedro, es va reunir amb la plataforma per tractar d\u2019apropar postures. Per\u00f2 els representants del moviment antitransvassista es van mantenir ferms en el rebuig al cabal ambiental &hellip; <a href=\"https:\/\/www.radiomoradebre.cat\/wp\/2013\/09\/18\/continua-lenfrontament-entre-la-che-i-la-pde-pel-pla-de-conca-de-lebre\/\">Continue reading <span class=\"meta-nav\">&rarr;<\/span><\/a><\/p>\n","protected":false},"author":3,"featured_media":0,"comment_status":"closed","ping_status":"open","sticky":false,"template":"","format":"standard","meta":{"footnotes":""},"categories":[2],"tags":[1162,67,579,1269,1858,65,933,1268,64,1718],"class_list":["post-4276","post","type-post","status-publish","format-standard","hentry","category-noticies","tag-ambiental","tag-cabal","tag-che","tag-conca","tag-delta","tag-ebre","tag-pde","tag-pla","tag-riu","tag-xavier-de-pedro"],"_links":{"self":[{"href":"https:\/\/www.radiomoradebre.cat\/wp\/wp-json\/wp\/v2\/posts\/4276","targetHints":{"allow":["GET"]}}],"collection":[{"href":"https:\/\/www.radiomoradebre.cat\/wp\/wp-json\/wp\/v2\/posts"}],"about":[{"href":"https:\/\/www.radiomoradebre.cat\/wp\/wp-json\/wp\/v2\/types\/post"}],"author":[{"embeddable":true,"href":"https:\/\/www.radiomoradebre.cat\/wp\/wp-json\/wp\/v2\/users\/3"}],"replies":[{"embeddable":true,"href":"https:\/\/www.radiomoradebre.cat\/wp\/wp-json\/wp\/v2\/comments?post=4276"}],"version-history":[{"count":1,"href":"https:\/\/www.radiomoradebre.cat\/wp\/wp-json\/wp\/v2\/posts\/4276\/revisions"}],"predecessor-version":[{"id":4277,"href":"https:\/\/www.radiomoradebre.cat\/wp\/wp-json\/wp\/v2\/posts\/4276\/revisions\/4277"}],"wp:attachment":[{"href":"https:\/\/www.radiomoradebre.cat\/wp\/wp-json\/wp\/v2\/media?parent=4276"}],"wp:term":[{"taxonomy":"category","embeddable":true,"href":"https:\/\/www.radiomoradebre.cat\/wp\/wp-json\/wp\/v2\/categories?post=4276"},{"taxonomy":"post_tag","embeddable":true,"href":"https:\/\/www.radiomoradebre.cat\/wp\/wp-json\/wp\/v2\/tags?post=4276"}],"curies":[{"name":"wp","href":"https:\/\/api.w.org\/{rel}","templated":true}]}}