
{"id":42382,"date":"2020-06-17T11:12:14","date_gmt":"2020-06-17T09:12:14","guid":{"rendered":"http:\/\/radiomoradebre.cat\/wp\/?p=42382"},"modified":"2020-06-17T11:12:34","modified_gmt":"2020-06-17T09:12:34","slug":"torna-el-cinema-al-territori-amb-una-clara-aposta-pel-format-de-cinema-a-la-fresca","status":"publish","type":"post","link":"https:\/\/www.radiomoradebre.cat\/wp\/2020\/06\/17\/torna-el-cinema-al-territori-amb-una-clara-aposta-pel-format-de-cinema-a-la-fresca\/","title":{"rendered":"Torna el cinema al territori amb una clara aposta pel format de cinema a la fresca."},"content":{"rendered":"\n<p><strong>Els cinemes del territori reobren portes aquest cap de setmana despr\u00e9s de m\u00e9s de tres mesos de confinament. Alguns municipis per\u00f2 de moment opten per programar cinema a la fresca per garantir les mesures de seguretat i tenir un major aforament. <\/strong><\/p>\n\n\n\n<p>ADRIANA MONCL\u00daS<\/p>\n\n\n\n<figure class=\"wp-block-audio\"><audio controls src=\"http:\/\/radiomoradebre.cat\/wp\/wp-content\/uploads\/2020\/06\/CRO-17-6-20-REOBREN-CINES.mp3\"><\/audio><\/figure>\n\n\n\n<figure class=\"wp-block-image size-large\"><img loading=\"lazy\" decoding=\"async\" width=\"1024\" height=\"555\" src=\"http:\/\/radiomoradebre.cat\/wp\/wp-content\/uploads\/2020\/06\/1559546453_604030_1559548177_noticia_normal_recorte1-1024x555.jpg\" alt=\"\" class=\"wp-image-42372\" srcset=\"https:\/\/www.radiomoradebre.cat\/wp\/wp-content\/uploads\/2020\/06\/1559546453_604030_1559548177_noticia_normal_recorte1-1024x555.jpg 1024w, https:\/\/www.radiomoradebre.cat\/wp\/wp-content\/uploads\/2020\/06\/1559546453_604030_1559548177_noticia_normal_recorte1-300x162.jpg 300w, https:\/\/www.radiomoradebre.cat\/wp\/wp-content\/uploads\/2020\/06\/1559546453_604030_1559548177_noticia_normal_recorte1-768x416.jpg 768w, https:\/\/www.radiomoradebre.cat\/wp\/wp-content\/uploads\/2020\/06\/1559546453_604030_1559548177_noticia_normal_recorte1.jpg 1300w\" sizes=\"auto, (max-width: 1024px) 100vw, 1024px\" \/><\/figure>\n","protected":false},"excerpt":{"rendered":"<p>Els cinemes del territori reobren portes aquest cap de setmana despr\u00e9s de m\u00e9s de tres mesos de confinament. Alguns municipis per\u00f2 de moment opten per programar cinema a la fresca per garantir les mesures de seguretat i tenir un major &hellip; <a href=\"https:\/\/www.radiomoradebre.cat\/wp\/2020\/06\/17\/torna-el-cinema-al-territori-amb-una-clara-aposta-pel-format-de-cinema-a-la-fresca\/\">Continue reading <span class=\"meta-nav\">&rarr;<\/span><\/a><\/p>\n","protected":false},"author":3,"featured_media":0,"comment_status":"closed","ping_status":"open","sticky":false,"template":"","format":"standard","meta":{"footnotes":""},"categories":[2],"tags":[24514,24513,24515,860,902,19583,3736,2152,17410,23850,797,24055,19992,49],"class_list":["post-42382","post","type-post","status-publish","format-standard","hentry","category-noticies","tag-24514","tag-24513","tag-321-accio","tag-arnes","tag-batea","tag-cicle-cinema-gaudi","tag-cine","tag-cinema","tag-cinema-a-la-fresca","tag-covid-19","tag-cultura","tag-desconfinament","tag-pellicula","tag-priorat"],"_links":{"self":[{"href":"https:\/\/www.radiomoradebre.cat\/wp\/wp-json\/wp\/v2\/posts\/42382","targetHints":{"allow":["GET"]}}],"collection":[{"href":"https:\/\/www.radiomoradebre.cat\/wp\/wp-json\/wp\/v2\/posts"}],"about":[{"href":"https:\/\/www.radiomoradebre.cat\/wp\/wp-json\/wp\/v2\/types\/post"}],"author":[{"embeddable":true,"href":"https:\/\/www.radiomoradebre.cat\/wp\/wp-json\/wp\/v2\/users\/3"}],"replies":[{"embeddable":true,"href":"https:\/\/www.radiomoradebre.cat\/wp\/wp-json\/wp\/v2\/comments?post=42382"}],"version-history":[{"count":1,"href":"https:\/\/www.radiomoradebre.cat\/wp\/wp-json\/wp\/v2\/posts\/42382\/revisions"}],"predecessor-version":[{"id":42384,"href":"https:\/\/www.radiomoradebre.cat\/wp\/wp-json\/wp\/v2\/posts\/42382\/revisions\/42384"}],"wp:attachment":[{"href":"https:\/\/www.radiomoradebre.cat\/wp\/wp-json\/wp\/v2\/media?parent=42382"}],"wp:term":[{"taxonomy":"category","embeddable":true,"href":"https:\/\/www.radiomoradebre.cat\/wp\/wp-json\/wp\/v2\/categories?post=42382"},{"taxonomy":"post_tag","embeddable":true,"href":"https:\/\/www.radiomoradebre.cat\/wp\/wp-json\/wp\/v2\/tags?post=42382"}],"curies":[{"name":"wp","href":"https:\/\/api.w.org\/{rel}","templated":true}]}}