
{"id":42189,"date":"2020-06-05T10:28:47","date_gmt":"2020-06-05T08:28:47","guid":{"rendered":"http:\/\/radiomoradebre.cat\/wp\/?p=42189"},"modified":"2020-06-05T10:28:49","modified_gmt":"2020-06-05T08:28:49","slug":"reobren-alguns-monuments-i-museus-aquest-dissabte","status":"publish","type":"post","link":"https:\/\/www.radiomoradebre.cat\/wp\/2020\/06\/05\/reobren-alguns-monuments-i-museus-aquest-dissabte\/","title":{"rendered":"Reobren alguns monuments i museus aquest dissabte."},"content":{"rendered":"\n<p><strong>Aquest dissabte 6 de juny monuments com el Castell de Miravet i la Cartoixa d\u2019Escaladei, o el Museu del Ferrocarril de M\u00f3ra la Nova tornen a obrir portes despr\u00e9s de gaireb\u00e9 3 mesos tancats per la pand\u00e8mia del coronavirus. <\/strong><\/p>\n\n\n\n<p>ADRIANA MONCL\u00daS<\/p>\n\n\n\n<figure class=\"wp-block-audio\"><audio controls src=\"http:\/\/radiomoradebre.cat\/wp\/wp-content\/uploads\/2020\/06\/CRO-5-6-20-REOBREN-MONUMENTS.mp3\"><\/audio><\/figure>\n\n\n\n<figure class=\"wp-block-image size-large\"><img loading=\"lazy\" decoding=\"async\" width=\"821\" height=\"524\" src=\"http:\/\/radiomoradebre.cat\/wp\/wp-content\/uploads\/2020\/06\/Captura-de-pantalla-2020-06-05-a-las-10.08.40.png\" alt=\"\" class=\"wp-image-42179\" srcset=\"https:\/\/www.radiomoradebre.cat\/wp\/wp-content\/uploads\/2020\/06\/Captura-de-pantalla-2020-06-05-a-las-10.08.40.png 821w, https:\/\/www.radiomoradebre.cat\/wp\/wp-content\/uploads\/2020\/06\/Captura-de-pantalla-2020-06-05-a-las-10.08.40-300x191.png 300w, https:\/\/www.radiomoradebre.cat\/wp\/wp-content\/uploads\/2020\/06\/Captura-de-pantalla-2020-06-05-a-las-10.08.40-768x490.png 768w\" sizes=\"auto, (max-width: 821px) 100vw, 821px\" \/><figcaption>IMATGE Ag\u00e8ncia Catalana del Patrimoni. Vista del Castell de Miravet. <\/figcaption><\/figure>\n","protected":false},"excerpt":{"rendered":"<p>Aquest dissabte 6 de juny monuments com el Castell de Miravet i la Cartoixa d\u2019Escaladei, o el Museu del Ferrocarril de M\u00f3ra la Nova tornen a obrir portes despr\u00e9s de gaireb\u00e9 3 mesos tancats per la pand\u00e8mia del coronavirus. ADRIANA &hellip; <a href=\"https:\/\/www.radiomoradebre.cat\/wp\/2020\/06\/05\/reobren-alguns-monuments-i-museus-aquest-dissabte\/\">Continue reading <span class=\"meta-nav\">&rarr;<\/span><\/a><\/p>\n","protected":false},"author":3,"featured_media":0,"comment_status":"closed","ping_status":"open","sticky":false,"template":"","format":"standard","meta":{"footnotes":""},"categories":[2],"tags":[24438,23850,23730,797,18952,24055,834,255,147,24439,1222,8193,49,212],"class_list":["post-42189","post","type-post","status-publish","format-standard","hentry","category-noticies","tag-agencia-catalana-del-patrimoni","tag-covid-19","tag-covid19","tag-cultura","tag-departament-de-cultura","tag-desconfinament","tag-escaladei","tag-generalitat","tag-miravet","tag-monuments","tag-patrimoni","tag-patrimoni-cultural","tag-priorat","tag-turisme"],"_links":{"self":[{"href":"https:\/\/www.radiomoradebre.cat\/wp\/wp-json\/wp\/v2\/posts\/42189","targetHints":{"allow":["GET"]}}],"collection":[{"href":"https:\/\/www.radiomoradebre.cat\/wp\/wp-json\/wp\/v2\/posts"}],"about":[{"href":"https:\/\/www.radiomoradebre.cat\/wp\/wp-json\/wp\/v2\/types\/post"}],"author":[{"embeddable":true,"href":"https:\/\/www.radiomoradebre.cat\/wp\/wp-json\/wp\/v2\/users\/3"}],"replies":[{"embeddable":true,"href":"https:\/\/www.radiomoradebre.cat\/wp\/wp-json\/wp\/v2\/comments?post=42189"}],"version-history":[{"count":1,"href":"https:\/\/www.radiomoradebre.cat\/wp\/wp-json\/wp\/v2\/posts\/42189\/revisions"}],"predecessor-version":[{"id":42190,"href":"https:\/\/www.radiomoradebre.cat\/wp\/wp-json\/wp\/v2\/posts\/42189\/revisions\/42190"}],"wp:attachment":[{"href":"https:\/\/www.radiomoradebre.cat\/wp\/wp-json\/wp\/v2\/media?parent=42189"}],"wp:term":[{"taxonomy":"category","embeddable":true,"href":"https:\/\/www.radiomoradebre.cat\/wp\/wp-json\/wp\/v2\/categories?post=42189"},{"taxonomy":"post_tag","embeddable":true,"href":"https:\/\/www.radiomoradebre.cat\/wp\/wp-json\/wp\/v2\/tags?post=42189"}],"curies":[{"name":"wp","href":"https:\/\/api.w.org\/{rel}","templated":true}]}}